{"id":7481,"date":"2019-10-09T19:04:19","date_gmt":"2019-10-09T19:04:19","guid":{"rendered":"http:\/\/www.radiopresidenteibanez.cl\/web\/?p=7481"},"modified":"2019-10-09T19:04:24","modified_gmt":"2019-10-09T19:04:24","slug":"el-sernac-presento-demanda-colectiva-en-contra-de-correos-de-chile-para-que-compense-a-los-consumidores","status":"publish","type":"post","link":"https:\/\/www.radiopresidenteibanez.cl\/web\/el-sernac-presento-demanda-colectiva-en-contra-de-correos-de-chile-para-que-compense-a-los-consumidores\/","title":{"rendered":"EL SERNAC PRESENT\u00d3 DEMANDA COLECTIVA EN CONTRA DE CORREOS DE CHILE PARA QUE COMPENSE A LOS CONSUMIDORES"},"content":{"rendered":"\n<p>El SERNAC present\u00f3 una demanda\ncolectiva en contra de Correos de Chile tras agotar todas las instancias\nextrajudiciales para lograr que la empresa entregara una respuesta adecuada.<\/p>\n\n\n\n<p>El objetivo de esta acci\u00f3n judicial es\nque la empresa compense adecuadamente a todos los consumidores que fueron afectados\npor las m\u00faltiples filtraciones de datos personales y bancarios de sus clientes\nque han ocurrido entre los a\u00f1os 2018 y 2019.<\/p>\n\n\n\n<p>La responsabilidad fue asumida\nimpl\u00edcitamente por Correos de Chile, pues, en septiembre de 2018, la empresa\ncomunic\u00f3 p\u00fablicamente que exist\u00eda una alta probabilidad de que las filtraciones\nde datos ocurridos los d\u00edas 25 de julio; 21 y 27 de agosto; y el 6 de\nseptiembre de 2018 hayan tenido su origen en el servicio Casilla Virtual Miami\nde Correos de Chile, el cual es entregado por un proveedor internacional. <\/p>\n\n\n\n<p>Adicionalmente, en mayo pasado, luego\nde conocerse el \u00faltimo episodio de filtraci\u00f3n, la empresa suspendi\u00f3\ntemporalmente el servicio provisto por su casilla internacional TransExpress,\ndesde donde los datos habr\u00edan sido extra\u00eddos durante el posible periodo de\ncompromiso comprendido entre el 12 de septiembre de 2018 y el 5 de marzo del\n2019, sin perjuicio que, en junio de este mismo a\u00f1o, tom\u00f3 la decisi\u00f3n de no\nrenovar su contrato con TransExpress. <\/p>\n\n\n\n<p>A trav\u00e9s de esta demanda colectiva, el\nSERNAC solicitar\u00e1 a la justicia que Correos de Chile compense por los distintos\nepisodios, incluyendo al menos a tres grupos: aquellos cuyos datos personales\nfueron difundidos p\u00fablicamente en contra de su voluntad; quienes sufrieron el\nbloqueo de sus tarjetas activas; y aquellos que adicionalmente sufrieron\ndefraudaciones producto de la filtraci\u00f3n y debieron activarse los respectivos\nprocesos de restituci\u00f3n.<\/p>\n\n\n\n<p>Asimismo, a trav\u00e9s de esta acci\u00f3n\nlegal, el SERNAC solicita a la justicia que exija a la empresa que acredite que\ntom\u00f3 todas las medidas para resguardar a los clientes actuales y evitar que\neste tipo de filtraciones se repitan a futuro.<\/p>\n\n\n\n<p>El SERNAC solicitar\u00e1 que la empresa\nreciba las m\u00e1s altas multas que establece la Ley del Consumidor por haber\ninfringido el deber de profesionalismo y haber vulnerado la seguridad de los\nconsumidores. <\/p>\n","protected":false},"excerpt":{"rendered":"<p>El SERNAC present\u00f3 una demanda colectiva en contra de Correos de Chile tras agotar todas las instancias extrajudiciales para lograr que la empresa entregara una respuesta adecuada. El objetivo de&#8230; <a class=\"read-more\" href=\"https:\/\/www.radiopresidenteibanez.cl\/web\/el-sernac-presento-demanda-colectiva-en-contra-de-correos-de-chile-para-que-compense-a-los-consumidores\/\">Leer m\u00e1s<\/a><\/p>\n","protected":false},"author":2,"featured_media":7482,"comment_status":"closed","ping_status":"closed","sticky":false,"template":"","format":"standard","meta":{"footnotes":""},"categories":[1],"tags":[],"class_list":["post-7481","post","type-post","status-publish","format-standard","has-post-thumbnail","hentry","category-cronica"],"_links":{"self":[{"href":"https:\/\/www.radiopresidenteibanez.cl\/web\/wp-json\/wp\/v2\/posts\/7481","targetHints":{"allow":["GET"]}}],"collection":[{"href":"https:\/\/www.radiopresidenteibanez.cl\/web\/wp-json\/wp\/v2\/posts"}],"about":[{"href":"https:\/\/www.radiopresidenteibanez.cl\/web\/wp-json\/wp\/v2\/types\/post"}],"author":[{"embeddable":true,"href":"https:\/\/www.radiopresidenteibanez.cl\/web\/wp-json\/wp\/v2\/users\/2"}],"replies":[{"embeddable":true,"href":"https:\/\/www.radiopresidenteibanez.cl\/web\/wp-json\/wp\/v2\/comments?post=7481"}],"version-history":[{"count":0,"href":"https:\/\/www.radiopresidenteibanez.cl\/web\/wp-json\/wp\/v2\/posts\/7481\/revisions"}],"wp:featuredmedia":[{"embeddable":true,"href":"https:\/\/www.radiopresidenteibanez.cl\/web\/wp-json\/wp\/v2\/media\/7482"}],"wp:attachment":[{"href":"https:\/\/www.radiopresidenteibanez.cl\/web\/wp-json\/wp\/v2\/media?parent=7481"}],"wp:term":[{"taxonomy":"category","embeddable":true,"href":"https:\/\/www.radiopresidenteibanez.cl\/web\/wp-json\/wp\/v2\/categories?post=7481"},{"taxonomy":"post_tag","embeddable":true,"href":"https:\/\/www.radiopresidenteibanez.cl\/web\/wp-json\/wp\/v2\/tags?post=7481"}],"curies":[{"name":"wp","href":"https:\/\/api.w.org\/{rel}","templated":true}]}}