{"id":7478,"date":"2019-10-09T19:00:56","date_gmt":"2019-10-09T19:00:56","guid":{"rendered":"http:\/\/www.radiopresidenteibanez.cl\/web\/?p=7478"},"modified":"2019-10-09T19:01:02","modified_gmt":"2019-10-09T19:01:02","slug":"el-sol-como-fuente-de-vida-y-cambio-climatico-menos-palabras-mas-accion-fueron-las-actividades-con-las-que-se-dio-el-vamos-al-evento-de-difusion-cientifica-mas-imp","status":"publish","type":"post","link":"https:\/\/www.radiopresidenteibanez.cl\/web\/el-sol-como-fuente-de-vida-y-cambio-climatico-menos-palabras-mas-accion-fueron-las-actividades-con-las-que-se-dio-el-vamos-al-evento-de-difusion-cientifica-mas-imp\/","title":{"rendered":"\u201cEL SOL COMO FUENTE DE VIDA\u201d Y \u201cCAMBIO CLIM\u00c1TICO: MENOS PALABRAS M\u00c1S ACCI\u00d3N\u201d FUERON LAS ACTIVIDADES CON LAS QUE SE DIO EL VAMOS AL EVENTO DE DIFUSI\u00d3N CIENT\u00cdFICA M\u00c1S IMPORTANTE DEL PA\u00cdS"},"content":{"rendered":"\n<p>Con visita a\nlos invernaderos del Centro Hort\u00edcola de la Universidad de Magallanes, se dio\ninicio a la Semana Explora 2019. Apoyados por estudiantes de Agronom\u00eda de la\ncasa de estudios, y el Instituto de Investigaciones Agropecuarias (INIA), los\nni\u00f1os y ni\u00f1as de educaci\u00f3n b\u00e1sica pudieron plantar semillas y conocer los laboratorios\nde biotecnolog\u00eda. <\/p>\n\n\n\n<p>De forma\nsimult\u00e1nea, se realiz\u00f3 en el auditorio Ernesto Livacic la actividad \u201ccambio\nclim\u00e1tico: menos palabras m\u00e1s acci\u00f3n\u201d, dirigida a estudiantes de ense\u00f1anza\nmedia, universitarios y comunidad en general. Fueron dos charlas a cargo del\nintendente subrogante y seremi de Medio Ambiente, se\u00f1or Eduardo Schiappacasse,\ny el doctor en Ingenier\u00eda Ambiental y acad\u00e9mico de la Universidad de\nMagallanes, Claudio G\u00f3mez. <\/p>\n\n\n\n<p>\u201cDecidimos\niniciar con el tema de cambio clim\u00e1tico porque consideramos que es muy\nimportante que los m\u00e1s j\u00f3venes conozcan de esta problem\u00e1tica, considerando la\nrelevancia que tiene nuestro pa\u00eds como sede de la COP25 a realizarse este a\u00f1o.\nSon ellos los agentes de cambio, y es fundamental que descubran a partir de la\nciencia que hay herramientas para poder combatirlo\u201d, explic\u00f3 Claudia Salinas,\ndirectora del PAR Explora Magallanes. <\/p>\n\n\n\n<p>Por su parte,\nla m\u00e1xima autoridad regional aseguro que \u201ccada vez m\u00e1s hay m\u00e1s gente interesada\ny preocupada por las condiciones ambientales futuras. Me parece muy bien que\nhayan este tipo de instancia, se ve que es un tema que le preocupa (a los\nj\u00f3venes).\u201d <\/p>\n\n\n\n<p>Para el Dr.\nClaudio G\u00f3mez \u201ctodo el planeta est\u00e1 aumentando la preocupaci\u00f3n por el cambio\nclim\u00e1tico, lo cual es interesante porque creo que tenemos la oportunidad de no\nquedarnos solamente en la sorpresa, el miedo o la inmovilidad, sino por fin\ntener un p\u00fablico interesado y que ojal\u00e1 sea capaz de hacer cosas para mejorar\nla situaci\u00f3n actual\u201d. <\/p>\n\n\n\n<p>Los\nestablecimientos participantes en los talleres \u201cSol como fuente de vida\u201d fueron\nla Escuela Espa\u00f1a, Escuela Arturo Prat, Centro de Aprendizaje y refuerzo\neducativo Einstein y Proyecto Educativo SER. Por su parte los asistentes a las\ncharlas fueron el Liceo Sara Braun, Liceo Luis Alberto Barrera, Instituto Sagrada\nFamilia, y estudiantes de la Universidad de Magallanes. <\/p>\n\n\n\n<p>Las\nactividades de la Semana Explora contin\u00faan ma\u00f1ana martes desde las 09:30 con el\nSeminario \u201cReflexiones sobre los derechos de los pueblos ind\u00edgenas\u201d, organizado\npor el Departamento de Ciencias Jur\u00eddicas,&nbsp;\ny a partir de las 15:00 horas el show art\u00edstico y medio ambiental de\np\u00e1rvulos, apoyados por la Escuela My Little House. <\/p>\n","protected":false},"excerpt":{"rendered":"<p>Con visita a los invernaderos del Centro Hort\u00edcola de la Universidad de Magallanes, se dio inicio a la Semana Explora 2019. Apoyados por estudiantes de Agronom\u00eda de la casa de&#8230; <a class=\"read-more\" href=\"https:\/\/www.radiopresidenteibanez.cl\/web\/el-sol-como-fuente-de-vida-y-cambio-climatico-menos-palabras-mas-accion-fueron-las-actividades-con-las-que-se-dio-el-vamos-al-evento-de-difusion-cientifica-mas-imp\/\">Leer m\u00e1s<\/a><\/p>\n","protected":false},"author":2,"featured_media":7479,"comment_status":"closed","ping_status":"closed","sticky":false,"template":"","format":"standard","meta":{"footnotes":""},"categories":[1],"tags":[],"class_list":["post-7478","post","type-post","status-publish","format-standard","has-post-thumbnail","hentry","category-cronica"],"_links":{"self":[{"href":"https:\/\/www.radiopresidenteibanez.cl\/web\/wp-json\/wp\/v2\/posts\/7478","targetHints":{"allow":["GET"]}}],"collection":[{"href":"https:\/\/www.radiopresidenteibanez.cl\/web\/wp-json\/wp\/v2\/posts"}],"about":[{"href":"https:\/\/www.radiopresidenteibanez.cl\/web\/wp-json\/wp\/v2\/types\/post"}],"author":[{"embeddable":true,"href":"https:\/\/www.radiopresidenteibanez.cl\/web\/wp-json\/wp\/v2\/users\/2"}],"replies":[{"embeddable":true,"href":"https:\/\/www.radiopresidenteibanez.cl\/web\/wp-json\/wp\/v2\/comments?post=7478"}],"version-history":[{"count":0,"href":"https:\/\/www.radiopresidenteibanez.cl\/web\/wp-json\/wp\/v2\/posts\/7478\/revisions"}],"wp:featuredmedia":[{"embeddable":true,"href":"https:\/\/www.radiopresidenteibanez.cl\/web\/wp-json\/wp\/v2\/media\/7479"}],"wp:attachment":[{"href":"https:\/\/www.radiopresidenteibanez.cl\/web\/wp-json\/wp\/v2\/media?parent=7478"}],"wp:term":[{"taxonomy":"category","embeddable":true,"href":"https:\/\/www.radiopresidenteibanez.cl\/web\/wp-json\/wp\/v2\/categories?post=7478"},{"taxonomy":"post_tag","embeddable":true,"href":"https:\/\/www.radiopresidenteibanez.cl\/web\/wp-json\/wp\/v2\/tags?post=7478"}],"curies":[{"name":"wp","href":"https:\/\/api.w.org\/{rel}","templated":true}]}}