{"id":7463,"date":"2019-10-09T01:54:13","date_gmt":"2019-10-09T01:54:13","guid":{"rendered":"http:\/\/www.radiopresidenteibanez.cl\/web\/?p=7463"},"modified":"2019-10-09T01:54:25","modified_gmt":"2019-10-09T01:54:25","slug":"ya-mantenia-antecedentes-anteriores-conductor-en-estado-de-ebriedad-provoco-colision-en-las-intersecciones-de-las-calles-manuel-rodriguez-con-pedro-aguirre-cerda","status":"publish","type":"post","link":"https:\/\/www.radiopresidenteibanez.cl\/web\/ya-mantenia-antecedentes-anteriores-conductor-en-estado-de-ebriedad-provoco-colision-en-las-intersecciones-de-las-calles-manuel-rodriguez-con-pedro-aguirre-cerda\/","title":{"rendered":"YA MANTEN\u00cdA ANTECEDENTES ANTERIORES: CONDUCTOR EN ESTADO DE EBRIEDAD PROVOC\u00d3 COLISI\u00d3N EN LAS INTERSECCIONES DE LAS CALLES MANUEL RODR\u00cdGUEZ CON PEDRO AGUIRRE CERDA"},"content":{"rendered":"\n<p>Como Johnny Andr\u00e9s Contreras C\u00e1rdenas fue identificado el conductor que durante la ma\u00f1ana del 08 de octubre provoc\u00f3 una colisi\u00f3n en las intersecciones de las calles Manuel Rodr\u00edguez con Pedro Aguirre Cerda, en la oportunidad el individuo marc\u00f3 1,3 gramos de alcohol en la sangre.<\/p>\n\n\n\n<figure class=\"wp-block-image\"><img loading=\"lazy\" decoding=\"async\" width=\"632\" height=\"404\" src=\"https:\/\/www.radiopresidenteibanez.cl\/web\/wp-content\/uploads\/2019\/10\/WhatsApp-Image-2019-10-08-at-17.41.18.jpeg\" alt=\"\" class=\"wp-image-7464\" srcset=\"https:\/\/www.radiopresidenteibanez.cl\/web\/wp-content\/uploads\/2019\/10\/WhatsApp-Image-2019-10-08-at-17.41.18.jpeg 632w, https:\/\/www.radiopresidenteibanez.cl\/web\/wp-content\/uploads\/2019\/10\/WhatsApp-Image-2019-10-08-at-17.41.18-300x192.jpeg 300w\" sizes=\"auto, (max-width: 632px) 100vw, 632px\" \/><\/figure>\n\n\n\n<p><strong>ANTECEDENTES ANTERIORES<\/strong><\/p>\n\n\n\n<p>El pasado 04 de mayo del a\u00f1o 2016, la persona ante mencionada, tambi\u00e9n hab\u00eda protagonizado una colisi\u00f3n de alta energ\u00eda que dejo lesionados de car\u00e1cter grave, en esa ocasi\u00f3n tambi\u00e9n conduc\u00eda bajo los efectos del alcohol.<\/p>\n\n\n\n<figure class=\"wp-block-image\"><img loading=\"lazy\" decoding=\"async\" width=\"698\" height=\"411\" src=\"https:\/\/www.radiopresidenteibanez.cl\/web\/wp-content\/uploads\/2019\/10\/WhatsApp-Image-2019-10-08-at-17.41.18-1.jpeg\" alt=\"\" class=\"wp-image-7465\" srcset=\"https:\/\/www.radiopresidenteibanez.cl\/web\/wp-content\/uploads\/2019\/10\/WhatsApp-Image-2019-10-08-at-17.41.18-1.jpeg 698w, https:\/\/www.radiopresidenteibanez.cl\/web\/wp-content\/uploads\/2019\/10\/WhatsApp-Image-2019-10-08-at-17.41.18-1-300x177.jpeg 300w\" sizes=\"auto, (max-width: 698px) 100vw, 698px\" \/><\/figure>\n\n\n\n<p>Por lo anterior en el a\u00f1o 2017 y por la causa antes comentada queda con la prohibici\u00f3n de conducir veh\u00edculos motorizados, as\u00ed tambi\u00e9n con la retenci\u00f3n de la licencia de conducir, reclusi\u00f3n nocturna y multas, lo cual claramente no cumpli\u00f3 provocando un nuevo accidente.<\/p>\n\n\n\n<p>Los afectados en el a\u00f1o 2016, solicitan a la justicia realizar un castigo mayor, ya que es reincidente en este tipo de hechos y podr\u00eda ser condenado por la actual Ley Emilia, siendo un peligro para la sociedad.<\/p>\n\n\n\n<p>Contreras C\u00e1rdenas fue dejado en libertad luego de su control de detenci\u00f3n a la espera de una nueva citaci\u00f3n. <\/p>\n\n\n\n<figure class=\"wp-block-video\"><video height=\"400\" style=\"aspect-ratio: 640 \/ 400;\" width=\"640\" controls src=\"https:\/\/www.radiopresidenteibanez.cl\/web\/wp-content\/uploads\/2019\/10\/WhatsApp-Video-2019-10-08-at-19.49.56.mp4\"><\/video><\/figure>\n\n\n\n<p>V\u00eddeo accidente calles Manuel Rodr\u00edguez con Pedro Aguirre Cerda.<\/p>\n","protected":false},"excerpt":{"rendered":"<p>Como Johnny Andr\u00e9s Contreras C\u00e1rdenas fue identificado el conductor que durante la ma\u00f1ana del 08 de octubre provoc\u00f3 una colisi\u00f3n en las intersecciones de las calles Manuel Rodr\u00edguez con Pedro&#8230; <a class=\"read-more\" href=\"https:\/\/www.radiopresidenteibanez.cl\/web\/ya-mantenia-antecedentes-anteriores-conductor-en-estado-de-ebriedad-provoco-colision-en-las-intersecciones-de-las-calles-manuel-rodriguez-con-pedro-aguirre-cerda\/\">Leer m\u00e1s<\/a><\/p>\n","protected":false},"author":2,"featured_media":7464,"comment_status":"closed","ping_status":"closed","sticky":false,"template":"","format":"standard","meta":{"footnotes":""},"categories":[1],"tags":[],"class_list":["post-7463","post","type-post","status-publish","format-standard","has-post-thumbnail","hentry","category-cronica"],"_links":{"self":[{"href":"https:\/\/www.radiopresidenteibanez.cl\/web\/wp-json\/wp\/v2\/posts\/7463","targetHints":{"allow":["GET"]}}],"collection":[{"href":"https:\/\/www.radiopresidenteibanez.cl\/web\/wp-json\/wp\/v2\/posts"}],"about":[{"href":"https:\/\/www.radiopresidenteibanez.cl\/web\/wp-json\/wp\/v2\/types\/post"}],"author":[{"embeddable":true,"href":"https:\/\/www.radiopresidenteibanez.cl\/web\/wp-json\/wp\/v2\/users\/2"}],"replies":[{"embeddable":true,"href":"https:\/\/www.radiopresidenteibanez.cl\/web\/wp-json\/wp\/v2\/comments?post=7463"}],"version-history":[{"count":0,"href":"https:\/\/www.radiopresidenteibanez.cl\/web\/wp-json\/wp\/v2\/posts\/7463\/revisions"}],"wp:featuredmedia":[{"embeddable":true,"href":"https:\/\/www.radiopresidenteibanez.cl\/web\/wp-json\/wp\/v2\/media\/7464"}],"wp:attachment":[{"href":"https:\/\/www.radiopresidenteibanez.cl\/web\/wp-json\/wp\/v2\/media?parent=7463"}],"wp:term":[{"taxonomy":"category","embeddable":true,"href":"https:\/\/www.radiopresidenteibanez.cl\/web\/wp-json\/wp\/v2\/categories?post=7463"},{"taxonomy":"post_tag","embeddable":true,"href":"https:\/\/www.radiopresidenteibanez.cl\/web\/wp-json\/wp\/v2\/tags?post=7463"}],"curies":[{"name":"wp","href":"https:\/\/api.w.org\/{rel}","templated":true}]}}