{"id":7460,"date":"2019-10-07T15:25:07","date_gmt":"2019-10-07T15:25:07","guid":{"rendered":"http:\/\/www.radiopresidenteibanez.cl\/web\/?p=7460"},"modified":"2019-10-07T15:25:12","modified_gmt":"2019-10-07T15:25:12","slug":"5-de-octubre-de-1988-por-ernesto-sepulveda","status":"publish","type":"post","link":"https:\/\/www.radiopresidenteibanez.cl\/web\/5-de-octubre-de-1988-por-ernesto-sepulveda\/","title":{"rendered":"5 DE OCTUBRE DE 1988 por ERNESTO SEPULVEDA"},"content":{"rendered":"\n<p>Amigas y amigos:<\/p>\n\n\n\n<p>Pasamos otro 5 de octubre. En\nChile, esta fecha tan significativa y simb\u00f3lica, no es resaltada ni celebrada\nsuficientemente. Es el d\u00eda en que se recuerda el triunfo del NO, en el\nplebiscito de 1988, y el inicio de la denominada \u201ctransici\u00f3n a la\ndemocracia\u201d.&nbsp;&nbsp;Es un d\u00eda trascendente.<\/p>\n\n\n\n<p>Lamentablemente, con una\nlargu\u00edsima transici\u00f3n, debimos esperar d\u00e9cadas para ir desmontando el entramado\nde poder, dise\u00f1ado para impedir que las mayor\u00edas democr\u00e1ticas se expresaran.<\/p>\n\n\n\n<p>El 5 de octubre de 1988, es\nuna fecha que marc\u00f3 la restituci\u00f3n de la democracia, de la libertad, del\nrespeto a los derechos humanos. El triunfo de un pueblo hastiado de la\nbarbarie, el triunfo de la cultura de la vida, por sobre la cultura de la muerte.<\/p>\n\n\n\n<p>Desconozco por qu\u00e9 en todos\nestos a\u00f1os, la clase pol\u00edtica no ha establecido como un d\u00eda de celebraci\u00f3n\nnacional,&nbsp;&nbsp;el 5 de octubre. Se ha establecido d\u00edas festivos, por las\nmas diversas razones, pero establecerlo en honor a la recuperaci\u00f3n de la democracia,\nno parece ser suficiente fundamento.<\/p>\n\n\n\n<p>Ha existido un silenciamiento,\nun ocultamiento de lo que signific\u00f3 para Chile el fin de la dictadura. Fue el\ninicio del per\u00edodo de mayor crecimiento econ\u00f3mico y reducci\u00f3n de la pobreza de\ntoda nuestra historia. El restablecimiento del pleno respeto de los derechos\nhumanos, nos permiti\u00f3 ser admitidos de nuevo en el concierto internacional.\nDejamos de&nbsp;&nbsp;ser un estado paria, como lo fue la Sud\u00e1frica del\nApartheid. Nuestros jefes de estado empezaron a ser respetados y recibidos en\ntodo el mundo.<\/p>\n\n\n\n<p>Nuestro pa\u00eds se abri\u00f3 al\nmundo, suscribiendo tratados de libre comercio con los principales mercados, lo\nque permiti\u00f3 aumentar el volumen y el valor de nuestras exportaciones.<\/p>\n\n\n\n<p>Es indudable que el proceso de\nreconstrucci\u00f3n democr\u00e1tica fue mas prolongado de lo que muchos dese\u00e1bamos. Pero\nel largo tiempo, la espera eterna, no desmerece en nada el pa\u00eds que hemos\npodido construir entre todos.<\/p>\n\n\n\n<p>Falta avanzar en aspectos\ntrascendentales, que implican llegar a&nbsp;&nbsp;una democracia madura. Se\nrequiere transformaciones que nos permitan reducir la desigualdad, que nos\npermitan lograr un desarrollo integral. No s\u00f3lo medido a trav\u00e9s del producto\nper c\u00e1pita. Hay aprendizajes que debemos incorporar, para dejar de ser s\u00f3lo\nvendedores de materias primas.<\/p>\n\n\n\n<p>Muchas veces he pensado, que\ntal vez por pudor o verg\u00fcenza, no se releva de mejor forma el 5 de octubre. Tal\nvez el entramado econ\u00f3mico, que se consolid\u00f3 en los \u00faltimos a\u00f1os de la\ndictadura, tenga algo que ver. Tantos a\u00f1os transcurridos, y aun hoy se oculta\nel rol que jugaron cientos de civiles, en los mas altos cargos del ejecutivo.\nLos ternos y corbatas que planificaron y dise\u00f1aron la privatizaci\u00f3n de las\n\u00e1reas estrat\u00e9gicas de la econom\u00eda. Aquellos que pasaron de ser altos ejecutivos\nde empresas estatales, a accionistas y propietarios de las empresas a las que\nse traspasaron.<\/p>\n\n\n\n<p>En el programa de gobierno de\nla Concertaci\u00f3n de partidos por la democracia, se establec\u00eda, no s\u00f3lo que no se\niba a privatizar las empresas estatales, sino que se iba a revisar las\nprivatizaciones efectuadas durante la dictadura.<\/p>\n\n\n\n<p>Nada de eso ocurri\u00f3. Se\ncontinu\u00f3 privatizando incluyendo hasta a las empresas de \u00e1reas estrat\u00e9gicas.<\/p>\n\n\n\n<p>Qu\u00e9 tipo de sociedad queremos\nconstruir en 2019? Desde luego una mucho mas avanzada que la que iniciamos en\n1990. El tiempo transcurrido debe permitirnos dejar de una buena vez, las\ncensuras autoimpuestas. No existe ning\u00fan riesgo para la seguridad nacional, si\nrevisamos ahora el sistema de pensiones. Incluso si decidimos revisar el\nsistema de pensiones de las Fuerzas armadas.<\/p>\n\n\n\n<p>Discutir la pertinencia de que\nexista o no un Tribunal Constitucional, si queremos una nueva constituci\u00f3n por\nasamblea constituyente, si queremos iniciativa popular de ley o mandato\nrevocatorio. Todo eso lo podemos plantear, incluso discutir ahora, gracias a\nque hubo un triunfo popular el 5 de octubre de 1988.<\/p>\n\n\n\n<p>No es poco cosa. De hecho es\nbastante m\u00e1s trascendente para la vida misma, que varias de las efem\u00e9rides que\ncuentan con un d\u00eda festivo en el calendario.<\/p>\n\n\n\n<p>Pertenezco a la generaci\u00f3n\nuniversitaria que plant\u00f3 cara a la dictadura, varios de mis compa\u00f1eros de\ngeneraci\u00f3n sacrificaron su vida por la libertad y la democracia. Tambi\u00e9n sufr\u00ed\nla represi\u00f3n y la persecuci\u00f3n a causa de mis ideas pol\u00edticas.<\/p>\n\n\n\n<p>Para muchos j\u00f3venes que vivimos\nintensamente esa lucha, la salida a trav\u00e9s de un plebiscito, representaba una\nsalida que favorec\u00eda a dictador. Fue dif\u00edcil de tragar, que se hiciera tantas\nconcesiones a un criminal sanguinario y asesino como Pinochet y sus secuaces.<\/p>\n\n\n\n<p>Finalmente, nos incorporamos\nmasivamente a la campa\u00f1a por las elecciones libres, y a trabajar por la opci\u00f3n\nNO en el plebiscito.<\/p>\n\n\n\n<p>En marzo de 1988, me\ncorrespondi\u00f3 iniciar mi pr\u00e1ctica profesional como profesor de estado en\nHistoria y Geograf\u00eda en el Liceo A-19 del Cerro Los Placeres de Valpara\u00edso. Aun\nen dictadura, tuve la dicha, y la complicidad de un profesor gu\u00eda consciente,\npara hacer clases de educaci\u00f3n c\u00edvica. Ense\u00f1\u00e9 a votar a alumnos de cuarto\nmedio, que iban a votar al igual que yo por primera vez en nuestras vidas.<\/p>\n\n\n\n<p>Ten\u00eda 21 a\u00f1os, y el recuerdo\nde varios amigos que ya no estaban. Fue un momento emotivo, un momento esperado\nlargamente. Conquistar la libertad con un l\u00e1piz y un papel. Pero tambi\u00e9n con\nmillones de personas que se atrevieron a salir a las calles a protestar, a\nexigir \u201cPan, trabajo, justicia y libertad\u201d.<\/p>\n\n\n\n<p>Al amparo de un teclado\nan\u00f3nimo, y arrellanados en la&nbsp;&nbsp;seguridad y en los privilegios que la\neconom\u00eda capitalista da a unos pocos, muchos dicen \u201cLa alegr\u00eda nunca lleg\u00f3\nporque falt\u00f3 esto o aquello\u201d. Para quienes estuvimos ah\u00ed, lo sentimos distinto,\nfue \u201cThe war is over\u201d, \u201cThe end\u201d. Un estallido de alegr\u00eda, una dicha infinita,\npoder disfrutar de la vida con libertad, no tiene comparaci\u00f3n. Nada se le\niguala.<\/p>\n\n\n\n<p>Por eso adem\u00e1s, quienes\nvivimos y padecimos la dictadura, somos absolutamente contrarios a cualquier\nr\u00e9gimen que sojuzgue a sus ciudadanos, a cualquier tiran\u00eda. Quienes luchamos\npor la libertad, no podemos traicionar esos ideales, no podemos mancillar la\nmemoria de los que cayeron, para defender gobiernos autoritarios, sean del\nsigno que sean.<\/p>\n\n\n\n<p>Nos falta mucho aun para\nconstruir una sociedad mejor, es cierto. Pero la sociedad perfecta no existe,\nes un mito y a la vez una justificaci\u00f3n. Las peores aberraciones de la historia\nse cometieron con la excusa de construirla. Nuestra aspiraci\u00f3n de vivir en una\nsociedad libre y democr\u00e1tica, debe considerar la diversidad social, cultural y\npol\u00edtica. La sociedad del ma\u00f1ana la vamos a construir en conjunto o no ser\u00e1.<\/p>\n\n\n\n<p>Los paradigmas de los ochenta\ncambiaron. La lucha contra el cambio clim\u00e1tico, parece opacar los conflictos\nmilitares y pol\u00edticos, que aun hoy d\u00eda, diezman poblaciones. Pero no s\u00f3lo ha\ncambiado para los pueblos que sufren los efectos de estos conflictos. Tambi\u00e9n\nha cambiado para los capitanes de la industria, para los grandes consorcios\nempresariales, que controlan las econom\u00edas en el mundo. Paulatinamente se van\nincorporando dentro de los objetivos empresariales aparte de obtener ganancias,\nque estas se obtengan con respeto de medio ambiente y de las comunidades.<\/p>\n\n\n\n<p>Este cambio cultural, nos va a\ntomar todo lo que nos queda de vida, a los de mi generaci\u00f3n, y&nbsp;&nbsp;ser\u00e1\nel nuevo piso m\u00ednimo desde el cual partir\u00e1n nuestros hijos.<\/p>\n\n\n\n<p>Eso es lo que constituy\u00f3 el 5\nde octubre de 1988, el triunfo de un pueblo organizado, que quiso cambiar la\nsociedad en la que le toc\u00f3 vivir. Se arriesg\u00f3 y lo hizo. Se obtuvo un piso\nm\u00ednimo y esencial, ahora se ve insuficiente, se ve mezquino. Pero constituye la\nbase sobre la cual, hoy se puede aspirar al infinito.<\/p>\n\n\n\n<p>Amigas y amigos, Soy Ernesto\nSep\u00falveda, y el 5 de octubre lo celebrar\u00e9 mientras tenga vida, por quienes ya\nno est\u00e1n, y tambi\u00e9n por los que vendr\u00e1n.<\/p>\n\n\n\n<p>Punta Arenas, lunes 7 de\noctubre de 2019.-<\/p>\n","protected":false},"excerpt":{"rendered":"<p>Amigas y amigos: Pasamos otro 5 de octubre. En Chile, esta fecha tan significativa y simb\u00f3lica, no es resaltada ni celebrada suficientemente. Es el d\u00eda en que se recuerda el&#8230; <a class=\"read-more\" href=\"https:\/\/www.radiopresidenteibanez.cl\/web\/5-de-octubre-de-1988-por-ernesto-sepulveda\/\">Leer m\u00e1s<\/a><\/p>\n","protected":false},"author":2,"featured_media":2310,"comment_status":"closed","ping_status":"closed","sticky":false,"template":"","format":"standard","meta":{"footnotes":""},"categories":[1],"tags":[],"class_list":["post-7460","post","type-post","status-publish","format-standard","has-post-thumbnail","hentry","category-cronica"],"_links":{"self":[{"href":"https:\/\/www.radiopresidenteibanez.cl\/web\/wp-json\/wp\/v2\/posts\/7460","targetHints":{"allow":["GET"]}}],"collection":[{"href":"https:\/\/www.radiopresidenteibanez.cl\/web\/wp-json\/wp\/v2\/posts"}],"about":[{"href":"https:\/\/www.radiopresidenteibanez.cl\/web\/wp-json\/wp\/v2\/types\/post"}],"author":[{"embeddable":true,"href":"https:\/\/www.radiopresidenteibanez.cl\/web\/wp-json\/wp\/v2\/users\/2"}],"replies":[{"embeddable":true,"href":"https:\/\/www.radiopresidenteibanez.cl\/web\/wp-json\/wp\/v2\/comments?post=7460"}],"version-history":[{"count":0,"href":"https:\/\/www.radiopresidenteibanez.cl\/web\/wp-json\/wp\/v2\/posts\/7460\/revisions"}],"wp:featuredmedia":[{"embeddable":true,"href":"https:\/\/www.radiopresidenteibanez.cl\/web\/wp-json\/wp\/v2\/media\/2310"}],"wp:attachment":[{"href":"https:\/\/www.radiopresidenteibanez.cl\/web\/wp-json\/wp\/v2\/media?parent=7460"}],"wp:term":[{"taxonomy":"category","embeddable":true,"href":"https:\/\/www.radiopresidenteibanez.cl\/web\/wp-json\/wp\/v2\/categories?post=7460"},{"taxonomy":"post_tag","embeddable":true,"href":"https:\/\/www.radiopresidenteibanez.cl\/web\/wp-json\/wp\/v2\/tags?post=7460"}],"curies":[{"name":"wp","href":"https:\/\/api.w.org\/{rel}","templated":true}]}}