{"id":7450,"date":"2019-10-07T02:14:35","date_gmt":"2019-10-07T02:14:35","guid":{"rendered":"http:\/\/www.radiopresidenteibanez.cl\/web\/?p=7450"},"modified":"2019-10-07T02:14:40","modified_gmt":"2019-10-07T02:14:40","slug":"gran-exito-tuvo-la-corrida-de-la-pdi-en-punta-arenas","status":"publish","type":"post","link":"https:\/\/www.radiopresidenteibanez.cl\/web\/gran-exito-tuvo-la-corrida-de-la-pdi-en-punta-arenas\/","title":{"rendered":"GRAN \u00c9XITO TUVO LA CORRIDA DE LA PDI EN PUNTA ARENAS"},"content":{"rendered":"\n<p>Una masiva convocatoria tuvo la corrida\nque realiz\u00f3 la Polic\u00eda de Investigaciones de Chile la ma\u00f1ana de este domingo en\nPunta Arenas, con motivo de su 86 aniversario. Deportistas, representantes de\ninstituciones p\u00fablicas y familias completas se midieron en el evento deportivo\nque tuvo como ruta la Avenida Costanera de la capital regional.<\/p>\n\n\n\n<p>La corrida se inici\u00f3 en el frontis del\ncomplejo policial en direcci\u00f3n hacia el norte de la ciudad y tuvo dos\ncircuitos, uno recreativo, en donde participaron familias con coches, mascotas\ny ni\u00f1os peque\u00f1os. El otro circuito fue competitivo, de 5 kil\u00f3metros, en donde\nse premiaron a los tres primeros lugares de cada categor\u00eda.<\/p>\n\n\n\n<p>El jefe de la Regi\u00f3n Policial de\nMagallanes y la Ant\u00e1rtica Chilena, prefecto inspector V\u00edctor Arriagada, calific\u00f3\ncomo exitosa la corrida, ya que cumpli\u00f3 con el objetivo de acercar a las\nfamilias a la PDI y hacer participar a la comunidad magall\u00e1nica en una iniciativa\nque busca fomentar el deporte y la vida sana. <\/p>\n\n\n\n<p>\u201cNos ha acompa\u00f1ado el clima, hemos\ntenido un ambiente familiar y hemos visto que la gente ha participado con\nmuchas ganas, identific\u00e1ndose con nuestra actividad y con la PDI\u201d, se\u00f1al\u00f3\ndurante el evento el jefe de la Regi\u00f3n Policial de Magallanes y la Ant\u00e1rtica\nChilena.&nbsp; <\/p>\n\n\n\n<p>88\u00aa Asamblea General de Interpol<\/p>\n\n\n\n<p>Este a\u00f1o, la polera que recibieron los\ncorredores ten\u00eda el logo de la PDI, pero adem\u00e1s el de Interpol. El prefecto\ninspector V\u00edctor Arriagada, explic\u00f3 que entre el 15 y 18 de octubre, por\nprimera vez en nuestro pa\u00eds se realizar\u00e1 la Asamblea General de Interpol y Chile\nestar\u00e1 representado por la Polic\u00eda de Investigaciones, que desde 1944 es\nmiembro de la Organizaci\u00f3n Internacional de Polic\u00eda Criminal.<\/p>\n\n\n\n<p>\u201cEs una tremenda actividad donde\nparticipar\u00e1n m\u00e1s de 190 pa\u00edses de todo el mundo y como PDI vamos a ser\norganizadores de este hecho tan importante y relevante a nivel mundial\u201d,\nexpres\u00f3 el prefecto inspector V\u00edctor Arriagada. <\/p>\n\n\n\n<p>Los primeros lugares de la \u201cCorrida PDI\n86 Aniversario\u201d fueron los siguientes:<\/p>\n\n\n\n<p>-Damas Juvenil, Emilia Adaros<\/p>\n\n\n\n<p>-Damas Adulto, Josefa \u00c1lvarez<\/p>\n\n\n\n<p>-Damas Senior, Johana Chiguay<\/p>\n\n\n\n<p>-Varones Juvenil, Javier Vega<\/p>\n\n\n\n<p>-Varones Adulto, Alex Araya<\/p>\n\n\n\n<p>-Varones Senior, Carlos P\u00e9rez<\/p>\n\n\n\n<p>-Personas en situaci\u00f3n de discapacidad,\nLuis Chaura<\/p>\n","protected":false},"excerpt":{"rendered":"<p>Una masiva convocatoria tuvo la corrida que realiz\u00f3 la Polic\u00eda de Investigaciones de Chile la ma\u00f1ana de este domingo en Punta Arenas, con motivo de su 86 aniversario. Deportistas, representantes&#8230; <a class=\"read-more\" href=\"https:\/\/www.radiopresidenteibanez.cl\/web\/gran-exito-tuvo-la-corrida-de-la-pdi-en-punta-arenas\/\">Leer m\u00e1s<\/a><\/p>\n","protected":false},"author":2,"featured_media":7451,"comment_status":"closed","ping_status":"closed","sticky":false,"template":"","format":"standard","meta":{"footnotes":""},"categories":[1],"tags":[],"class_list":["post-7450","post","type-post","status-publish","format-standard","has-post-thumbnail","hentry","category-cronica"],"_links":{"self":[{"href":"https:\/\/www.radiopresidenteibanez.cl\/web\/wp-json\/wp\/v2\/posts\/7450","targetHints":{"allow":["GET"]}}],"collection":[{"href":"https:\/\/www.radiopresidenteibanez.cl\/web\/wp-json\/wp\/v2\/posts"}],"about":[{"href":"https:\/\/www.radiopresidenteibanez.cl\/web\/wp-json\/wp\/v2\/types\/post"}],"author":[{"embeddable":true,"href":"https:\/\/www.radiopresidenteibanez.cl\/web\/wp-json\/wp\/v2\/users\/2"}],"replies":[{"embeddable":true,"href":"https:\/\/www.radiopresidenteibanez.cl\/web\/wp-json\/wp\/v2\/comments?post=7450"}],"version-history":[{"count":0,"href":"https:\/\/www.radiopresidenteibanez.cl\/web\/wp-json\/wp\/v2\/posts\/7450\/revisions"}],"wp:featuredmedia":[{"embeddable":true,"href":"https:\/\/www.radiopresidenteibanez.cl\/web\/wp-json\/wp\/v2\/media\/7451"}],"wp:attachment":[{"href":"https:\/\/www.radiopresidenteibanez.cl\/web\/wp-json\/wp\/v2\/media?parent=7450"}],"wp:term":[{"taxonomy":"category","embeddable":true,"href":"https:\/\/www.radiopresidenteibanez.cl\/web\/wp-json\/wp\/v2\/categories?post=7450"},{"taxonomy":"post_tag","embeddable":true,"href":"https:\/\/www.radiopresidenteibanez.cl\/web\/wp-json\/wp\/v2\/tags?post=7450"}],"curies":[{"name":"wp","href":"https:\/\/api.w.org\/{rel}","templated":true}]}}