{"id":7437,"date":"2019-10-04T20:40:40","date_gmt":"2019-10-04T20:40:40","guid":{"rendered":"http:\/\/www.radiopresidenteibanez.cl\/web\/?p=7437"},"modified":"2019-10-04T20:40:46","modified_gmt":"2019-10-04T20:40:46","slug":"familias-de-edificios-pioneros-4-de-punta-arenas-conocieron-como-sera-su-departamento","status":"publish","type":"post","link":"https:\/\/www.radiopresidenteibanez.cl\/web\/familias-de-edificios-pioneros-4-de-punta-arenas-conocieron-como-sera-su-departamento\/","title":{"rendered":"FAMILIAS DE EDIFICIOS PIONEROS 4 DE PUNTA ARENAS CONOCIERON C\u00d3MO SER\u00c1 SU DEPARTAMENTO"},"content":{"rendered":"\n<p>El sector sur de Punta Arenas est\u00e1 teniendo un alto desarrollo inmobiliario y el Ministerio de Vivienda y Urbanismo est\u00e1 llevando a cabo diversos proyectos habitacionales, donde nuevas familias se est\u00e1 integrando cada vez m\u00e1s a la ciudad. Es bajo este contexto, que 80 n\u00facleos familiares de la agrupaci\u00f3n Pioneros IV visitaron el departamento piloto, ubicado en Avenida Mart\u00ednez de Aldunate, para as\u00ed conocer c\u00f3mo ser\u00e1 su nuevo hogar.<\/p>\n\n\n\n<p>El proyecto, que actualmente tiene un 80% de avance, corresponde al Fondo Solidario de Elecci\u00f3n de Vivienda (DS 49) y ser\u00e1 entregado a mediados de 2020. El conjunto, tiene una inversi\u00f3n sectorial que supera los $3 mil millones de pesos, m\u00e1s un ahorro de las familias que asciende a casi $79 millones de pesos. \u201cSon 80 departamentos que ser\u00e1n entregados a mediados del pr\u00f3ximo a\u00f1o. Son viviendas de alto est\u00e1ndar, con 65 mt2, calefacci\u00f3n central y ventanas termopanel. Estos subsidios fueron entregados en enero de este a\u00f1o y ya hoy vemos avances importantes en su construcci\u00f3n y es justamente lo que buscamos como gobierno, donde fortalecemos a la clase media y tambi\u00e9n a las postulaciones en grupo\u201d, detall\u00f3 el seremi del Minvu, Jos\u00e9 Miguel Horcos.<\/p>\n\n\n\n<p>En esta visita, que se enmarca en el plan de acompa\u00f1amiento social que realiza la Entidad Patrocinante privada, las familias observan y miden los espacios que tendr\u00e1n, como es el caso de la presidenta de la agrupaci\u00f3n Pioneros IV, Lesley Deflett, quien asegur\u00f3 que \u201cpara nosotros es un sue\u00f1o y hoy despu\u00e9s de poco tiempo vemos grandes avances en la construcci\u00f3n. Aparte de agradecer esta oportunidad, venimos para poder hacer medidas, planes y empezar a proyectar nuestra vida en estos departamentos\u201d. Como tambi\u00e9n fue el caso de Hermes Leiva Rivera, quien lleg\u00f3 con su familia a conocer el piloto. \u201cMi primera impresi\u00f3n es que el departamento est\u00e1 bastante bonito, muy amplio y es lo que yo quer\u00eda para mi familia. En cuanto a la informaci\u00f3n est\u00e1 sumamente claro, ya sea lo que debemos y lo que no debemos hacer. Estoy muy contento porque es algo que uno espera por mucho tiempo\u201d, manifest\u00f3.<\/p>\n\n\n\n<p>Finalmente, tambi\u00e9n se realiz\u00f3 una charla del Minvu respecto al Plan Nacional de Fiscalizaci\u00f3n de Viviendas Sociales \u201cTe Cach\u00e9\u201d, que busca que los beneficiarios hagan buen uso de las viviendas sociales. Es decir, hacer uso efectivo de ella, no entregarla, prestarla o arrendarla a un tercero y no hacer uso comercial de ella.<\/p>\n","protected":false},"excerpt":{"rendered":"<p>El sector sur de Punta Arenas est\u00e1 teniendo un alto desarrollo inmobiliario y el Ministerio de Vivienda y Urbanismo est\u00e1 llevando a cabo diversos proyectos habitacionales, donde nuevas familias se&#8230; <a class=\"read-more\" href=\"https:\/\/www.radiopresidenteibanez.cl\/web\/familias-de-edificios-pioneros-4-de-punta-arenas-conocieron-como-sera-su-departamento\/\">Leer m\u00e1s<\/a><\/p>\n","protected":false},"author":2,"featured_media":7438,"comment_status":"closed","ping_status":"closed","sticky":false,"template":"","format":"standard","meta":{"footnotes":""},"categories":[1],"tags":[],"class_list":["post-7437","post","type-post","status-publish","format-standard","has-post-thumbnail","hentry","category-cronica"],"_links":{"self":[{"href":"https:\/\/www.radiopresidenteibanez.cl\/web\/wp-json\/wp\/v2\/posts\/7437","targetHints":{"allow":["GET"]}}],"collection":[{"href":"https:\/\/www.radiopresidenteibanez.cl\/web\/wp-json\/wp\/v2\/posts"}],"about":[{"href":"https:\/\/www.radiopresidenteibanez.cl\/web\/wp-json\/wp\/v2\/types\/post"}],"author":[{"embeddable":true,"href":"https:\/\/www.radiopresidenteibanez.cl\/web\/wp-json\/wp\/v2\/users\/2"}],"replies":[{"embeddable":true,"href":"https:\/\/www.radiopresidenteibanez.cl\/web\/wp-json\/wp\/v2\/comments?post=7437"}],"version-history":[{"count":0,"href":"https:\/\/www.radiopresidenteibanez.cl\/web\/wp-json\/wp\/v2\/posts\/7437\/revisions"}],"wp:featuredmedia":[{"embeddable":true,"href":"https:\/\/www.radiopresidenteibanez.cl\/web\/wp-json\/wp\/v2\/media\/7438"}],"wp:attachment":[{"href":"https:\/\/www.radiopresidenteibanez.cl\/web\/wp-json\/wp\/v2\/media?parent=7437"}],"wp:term":[{"taxonomy":"category","embeddable":true,"href":"https:\/\/www.radiopresidenteibanez.cl\/web\/wp-json\/wp\/v2\/categories?post=7437"},{"taxonomy":"post_tag","embeddable":true,"href":"https:\/\/www.radiopresidenteibanez.cl\/web\/wp-json\/wp\/v2\/tags?post=7437"}],"curies":[{"name":"wp","href":"https:\/\/api.w.org\/{rel}","templated":true}]}}