{"id":7434,"date":"2019-10-04T20:27:18","date_gmt":"2019-10-04T20:27:18","guid":{"rendered":"http:\/\/www.radiopresidenteibanez.cl\/web\/?p=7434"},"modified":"2019-10-04T20:27:23","modified_gmt":"2019-10-04T20:27:23","slug":"en-magallanes-avanza-atencion-dental-para-alumnos-de-4to-ano-medio","status":"publish","type":"post","link":"https:\/\/www.radiopresidenteibanez.cl\/web\/en-magallanes-avanza-atencion-dental-para-alumnos-de-4to-ano-medio\/","title":{"rendered":"EN MAGALLANES AVANZA ATENCI\u00d3N DENTAL PARA ALUMNOS DE 4TO A\u00d1O MEDIO"},"content":{"rendered":"\n<p>Mil\n062 estudiantes que cursan 4to a\u00f1o medio en la Regi\u00f3n de Magallanes y Ant\u00e1rtica\nChilena, es la meta a lograr durante este a\u00f1o 2019 por el programa de Atenci\u00f3n\nOdontol\u00f3gica Integral, estrategia del Servicio de Salud Magallanes y ejecutada en\nel territorio por los distintos dispositivos de Atenci\u00f3n Primaria de Salud.<\/p>\n\n\n\n<p>El programa\nque tiene por objetivo brindar a sus usuarios acciones educativas, preventivas,\npromocionales y recuperativas, permiti\u00e9ndoles a la vez, contar con una adecuada\nsalud bucal previo al ingreso al mundo laboral o de estudios superiores, se\ndesarrolla en las comunas de Punta Arenas, Puerto Natales, Porvenir y Puerto\nWilliams.<\/p>\n\n\n\n<p>El\nLiceo Mar\u00eda Behety de Punta Arenas, es uno de los establecimientos de ense\u00f1anza\nmedia que cuenta con una cl\u00ednica m\u00f3vil para la atenci\u00f3n de sus alumnos, siendo\nvisitada en el contexto del Mes de la Salud Bucal por el Subdirector de\nAtenci\u00f3n Primaria del Servicio de Salud Dr. Cristian Cabrera y la Jefa \u00e1rea Salud\nde la CORMUPA, Rosa Bidart, para conocer in situ el trabajo que se realiza. <\/p>\n\n\n\n<p>Consultado\npor la visita, el Dr. Cabrera destac\u00f3 las ventajas de acercar la atenci\u00f3n de\nsalud dental a los j\u00f3venes, permiti\u00e9ndoles no modificar sus rutinas habituales.\n\u201cHay un tema que rescato por sobre todo, no estamos en un Centro de Salud Familiar,\nsino que estamos fuera de \u00e9l, estamos insertos en los establecimientos\neducacionales donde hay un veh\u00edculo habilitado con un sill\u00f3n dental que cumple\ncon todas las normativas y, que les permite a los adolescentes tener una\ncercan\u00eda con el equipo dental y no tener que pedir una hora, no tener que salir\nde su vida habitual, sino que dentro de su d\u00eda habitual de colegio pueden\nacceder a estas atenciones que son de primera calidad\u201d, puntualiz\u00f3 el directivo\nde salud.<\/p>\n\n\n\n<p>Atenciones\nque son agradecidas por Marcela Andrade, Directora del Liceo Maria Behety, considerando\nque constituyen un beneficio econ\u00f3mico y de salud para el estudiantado,\nespecialmente por la cercan\u00eda de la atenci\u00f3n, lo que se refleja en la baja\ninasistencia a las hora entregadas.<\/p>\n\n\n\n<p>Por su\nparte, Rosa Bidart, de igual forma destac\u00f3 las ventajas de esta estrategia, recalcando\nque el \u00e1rea dental ha entregado grandes satisfacciones a la comunidad, siendo\nuno de los convenios destacados con el Servicio de Salud. \u201cEsto va en directo beneficio\nde los estudiantes, que para ellos es muy dif\u00edcil acercarse a los centros de\nsalud y con estas actividades nosotros nos acercamos hacia los establecimientos\neducacionales con el carro dental, entonces es mucho m\u00e1s f\u00e1cil, as\u00ed la salud viene\ndirectamente hacia los alumnos y ah\u00ed contamos con el apoyo de los directores de\nlos establecimientos educacionales de la Corporaci\u00f3n Municipal y tambi\u00e9n de los\nestablecimientos particulares subvencionados\u201d, concluy\u00f3.<\/p>\n\n\n\n<p>Se\u00f1alar que\neste programa de atenci\u00f3n se incorpor\u00f3 el a\u00f1o 2015 a los establecimientos\neducacionales para alumnos de 4to a\u00f1o medio, &nbsp;para luego el a\u00f1o 2017 y 2018 incorporar a los\n3eros medios a fin de contribuir a la reducci\u00f3n de la prevalencia e incidencia\nde patolog\u00edas orales m\u00e1s frecuentes, a trav\u00e9s de la reducci\u00f3n de factores de\nriesgo, controles de higiene y refuerzo de h\u00e1bitos saludables, seg\u00fan informaci\u00f3n\nproporcionada por la asesora del \u00e1rea dental del Servicio de Salud Magallanes ,\nDra. Arlette Oyarzo.<\/p>\n\n\n\n<p>Agregando\nla profesional que, a partir del a\u00f1o 2019 la estrategia dej\u00f3 de abarcar\nterceros medios, ya que dichos recursos fueron redestinados para la ejecuci\u00f3n de\nun nuevo programa denominado Alta Odontol\u00f3gica\nen domicilio a usuarios con dependencia severa.<\/p>\n\n\n\n<p>Dami\u00e1n\nVeloso y Lucas Coyarte, son usuarios del programa; ellos accedieron por primera\nvez a atenci\u00f3n dental el a\u00f1o 2018, siendo este a\u00f1o vistos por el mismo\nodont\u00f3logo. \u201cEl a\u00f1o pasado me atend\u00ed con el mismo dentista y este a\u00f1o me volvi\u00f3\na atender hace como unos tres meses atr\u00e1s y ahora nuevamente, es como s\u00faper\ncompleto porque no debemos salir del horario habitual del liceo y que nuestros\npadres tengan que venir a retirarnos para hacer el tr\u00e1mite, en cambio lo\nhacemos todo ac\u00e1, en el mismo liceo, c\u00f3modo y f\u00e1cil\u201d, coment\u00f3 Dami\u00e1n.<\/p>\n\n\n\n<p>El\ncriterio de inclusi\u00f3n para acceder a este programa, es cursar 4to a\u00f1o de\neducaci\u00f3n media y\/o equivalente, tanto en establecimientos municipales o particulares\nsubvencionados, adem\u00e1s de ser FONASA o PRAIS. Las prestaciones consideradas son\nexamen de salud bucal, diagn\u00f3stico, aplicaci\u00f3n de medidas preventivas,\nrestauraciones, radiograf\u00edas, exodoncias, ense\u00f1anza de t\u00e9cnica de cepillado,\nconsejer\u00eda breve en tabaco y alcohol, ente otros. Adem\u00e1s, a cada usuario se le\nhace entrega de un kit de higiene oral (1 cepillo dental y 1 pasta dental),\njunto con el cual se realiza una instrucci\u00f3n de cepillado.<\/p>\n","protected":false},"excerpt":{"rendered":"<p>Mil 062 estudiantes que cursan 4to a\u00f1o medio en la Regi\u00f3n de Magallanes y Ant\u00e1rtica Chilena, es la meta a lograr durante este a\u00f1o 2019 por el programa de Atenci\u00f3n&#8230; <a class=\"read-more\" href=\"https:\/\/www.radiopresidenteibanez.cl\/web\/en-magallanes-avanza-atencion-dental-para-alumnos-de-4to-ano-medio\/\">Leer m\u00e1s<\/a><\/p>\n","protected":false},"author":2,"featured_media":7435,"comment_status":"closed","ping_status":"closed","sticky":false,"template":"","format":"standard","meta":{"footnotes":""},"categories":[1],"tags":[],"class_list":["post-7434","post","type-post","status-publish","format-standard","has-post-thumbnail","hentry","category-cronica"],"_links":{"self":[{"href":"https:\/\/www.radiopresidenteibanez.cl\/web\/wp-json\/wp\/v2\/posts\/7434","targetHints":{"allow":["GET"]}}],"collection":[{"href":"https:\/\/www.radiopresidenteibanez.cl\/web\/wp-json\/wp\/v2\/posts"}],"about":[{"href":"https:\/\/www.radiopresidenteibanez.cl\/web\/wp-json\/wp\/v2\/types\/post"}],"author":[{"embeddable":true,"href":"https:\/\/www.radiopresidenteibanez.cl\/web\/wp-json\/wp\/v2\/users\/2"}],"replies":[{"embeddable":true,"href":"https:\/\/www.radiopresidenteibanez.cl\/web\/wp-json\/wp\/v2\/comments?post=7434"}],"version-history":[{"count":0,"href":"https:\/\/www.radiopresidenteibanez.cl\/web\/wp-json\/wp\/v2\/posts\/7434\/revisions"}],"wp:featuredmedia":[{"embeddable":true,"href":"https:\/\/www.radiopresidenteibanez.cl\/web\/wp-json\/wp\/v2\/media\/7435"}],"wp:attachment":[{"href":"https:\/\/www.radiopresidenteibanez.cl\/web\/wp-json\/wp\/v2\/media?parent=7434"}],"wp:term":[{"taxonomy":"category","embeddable":true,"href":"https:\/\/www.radiopresidenteibanez.cl\/web\/wp-json\/wp\/v2\/categories?post=7434"},{"taxonomy":"post_tag","embeddable":true,"href":"https:\/\/www.radiopresidenteibanez.cl\/web\/wp-json\/wp\/v2\/tags?post=7434"}],"curies":[{"name":"wp","href":"https:\/\/api.w.org\/{rel}","templated":true}]}}