{"id":7431,"date":"2019-10-04T20:21:00","date_gmt":"2019-10-04T20:21:00","guid":{"rendered":"http:\/\/www.radiopresidenteibanez.cl\/web\/?p=7431"},"modified":"2019-10-04T20:21:06","modified_gmt":"2019-10-04T20:21:06","slug":"feria-sercotec-emprende-500-anos-abre-sus-postulaciones","status":"publish","type":"post","link":"https:\/\/www.radiopresidenteibanez.cl\/web\/feria-sercotec-emprende-500-anos-abre-sus-postulaciones\/","title":{"rendered":"FERIA SERCOTEC \u201cEMPRENDE 500 A\u00d1OS\u201d ABRE SUS POSTULACIONES"},"content":{"rendered":"\n<p>Desde hoy hasta el pr\u00f3ximo 18 de\noctubre a las 15:00 horas tienen plazo los micro y peque\u00f1os empresarios de la\nRegi\u00f3n para postular a la Feria Sercotec \u201cEmprende 500 a\u00f1os\u201d organizada por el\nServicio de Cooperaci\u00f3n T\u00e9cnica de Magallanes y Ant\u00e1rtica Chilena en conjunto\ncon la Ilustre Municipalidad de Punta Arenas, y que tiene como objetivo que los\nparticipantes comercialicen y difundan sus productos y\/o servicios.<\/p>\n\n\n\n<p>Se\u00f1alar que la feria se realizar\u00e1 el 7\nde noviembre desde las 10:00 horas en calles aleda\u00f1as a la Plaza de Armas Mu\u00f1oz\nGamero de Punta Arenas y ser\u00e1 en la modalidad de domos y m\u00f3dulos de comercio\neventual.<\/p>\n\n\n\n<p>Al respecto, la directora regional de Sercotec\nMagallanes, Mar\u00eda Soledad Solo de Zald\u00edvar, invit\u00f3 a todos los micro y peque\u00f1os\nempresarios de la Regi\u00f3n a postular. \u201cQuiero hacer una invitaci\u00f3n a todos los\nmicro y peque\u00f1os empresarios a una feria que realizaremos en conjunto con la\nIlustre Municipalidad de Punta Arenas el d\u00eda 7 de noviembre. Esto ser\u00e1 en Plaza\nde Armas y est\u00e1 dirigido a todas los micro y peque\u00f1as empresas que tengan\niniciaci\u00f3n de actividades ante el Servicio de Impuestos Interno. \u00bfC\u00f3mo deben\npostular? En la p\u00e1gina <a href=\"http:\/\/www.sercotec.cl\">www.sercotec.cl<\/a> desde hoy hasta el d\u00eda 18 de octubre est\u00e1 abiertas\nlas postulaciones\u201d.<\/p>\n\n\n\n<p>Asimismo, explic\u00f3 que la feria es\nmultisectorial, quiere decir que pueden postular los diferentes rubros o\nsectores de la Regi\u00f3n y adem\u00e1s, reiter\u00f3 la invitaci\u00f3n se\u00f1alando que \u201clos\nesperamos y los invitamos porque como Sercotec queremos que ustedes puedan\ncomercializar sus productos y\/o servicios, promocionar, y que sea una instancia\ntambi\u00e9n para que puedan difundir y hacer mucho m\u00e1s conocidas todas sus\nempresas\u201d. <\/p>\n\n\n\n<p><strong>\u00bfC\u00f3mo\ny qui\u00e9nes pueden postular?<\/strong><\/p>\n\n\n\n<p>Para postular ingresa a <a href=\"http:\/\/www.sercotec.cl\">www.sercotec.cl<\/a>, pincha en Fortaleciendo, luego en\nPromoci\u00f3n y Canales, y ah\u00ed encontrar\u00e1s la Feria Sercotec \u201cEmprende 500 a\u00f1os\u201d\norganizada por Sercotec Magallanes y la Ilustre Municipalidad de Punta Arenas. <\/p>\n\n\n\n<p>Cabe se\u00f1alar que los micro y peque\u00f1os\nempresarios que deseen postular deber\u00e1n tener inicio de actividades en primera\ncategor\u00eda ante el Servicio de Impuestos Internos, y en el caso, de los\nempresarios\/as que deseen comercializar alimentos, deben tener la Resoluci\u00f3n\nSanitaria y las comidas ya preparadas, ya que se proh\u00edbe cocinar en el stand. <\/p>\n\n\n\n<p>Adem\u00e1s, destacar que para inscribirse\nen la feria tambi\u00e9n pueden llamar a los tel\u00e9fonos 61 2 244570 o al 229951, o\nacercarse a las oficinas de Sercotec Magallanes ubicadas en Calle Roca 817\noficina 24 (segundo piso). <\/p>\n\n\n\n<p><strong>Extra<\/strong><\/p>\n\n\n\n<p>Para m\u00e1s informaci\u00f3n de la feria y\ntodas las actividades que realiza Sercotec Magallanes, sigan las redes sociales\ndel Servicio en Facebook, Twitter e Instagram.<\/p>\n","protected":false},"excerpt":{"rendered":"<p>Desde hoy hasta el pr\u00f3ximo 18 de octubre a las 15:00 horas tienen plazo los micro y peque\u00f1os empresarios de la Regi\u00f3n para postular a la Feria Sercotec \u201cEmprende 500&#8230; <a class=\"read-more\" href=\"https:\/\/www.radiopresidenteibanez.cl\/web\/feria-sercotec-emprende-500-anos-abre-sus-postulaciones\/\">Leer m\u00e1s<\/a><\/p>\n","protected":false},"author":2,"featured_media":7432,"comment_status":"closed","ping_status":"closed","sticky":false,"template":"","format":"standard","meta":{"footnotes":""},"categories":[1],"tags":[],"class_list":["post-7431","post","type-post","status-publish","format-standard","has-post-thumbnail","hentry","category-cronica"],"_links":{"self":[{"href":"https:\/\/www.radiopresidenteibanez.cl\/web\/wp-json\/wp\/v2\/posts\/7431","targetHints":{"allow":["GET"]}}],"collection":[{"href":"https:\/\/www.radiopresidenteibanez.cl\/web\/wp-json\/wp\/v2\/posts"}],"about":[{"href":"https:\/\/www.radiopresidenteibanez.cl\/web\/wp-json\/wp\/v2\/types\/post"}],"author":[{"embeddable":true,"href":"https:\/\/www.radiopresidenteibanez.cl\/web\/wp-json\/wp\/v2\/users\/2"}],"replies":[{"embeddable":true,"href":"https:\/\/www.radiopresidenteibanez.cl\/web\/wp-json\/wp\/v2\/comments?post=7431"}],"version-history":[{"count":0,"href":"https:\/\/www.radiopresidenteibanez.cl\/web\/wp-json\/wp\/v2\/posts\/7431\/revisions"}],"wp:featuredmedia":[{"embeddable":true,"href":"https:\/\/www.radiopresidenteibanez.cl\/web\/wp-json\/wp\/v2\/media\/7432"}],"wp:attachment":[{"href":"https:\/\/www.radiopresidenteibanez.cl\/web\/wp-json\/wp\/v2\/media?parent=7431"}],"wp:term":[{"taxonomy":"category","embeddable":true,"href":"https:\/\/www.radiopresidenteibanez.cl\/web\/wp-json\/wp\/v2\/categories?post=7431"},{"taxonomy":"post_tag","embeddable":true,"href":"https:\/\/www.radiopresidenteibanez.cl\/web\/wp-json\/wp\/v2\/tags?post=7431"}],"curies":[{"name":"wp","href":"https:\/\/api.w.org\/{rel}","templated":true}]}}