{"id":7429,"date":"2019-10-04T20:18:20","date_gmt":"2019-10-04T20:18:20","guid":{"rendered":"http:\/\/www.radiopresidenteibanez.cl\/web\/?p=7429"},"modified":"2019-10-04T20:18:25","modified_gmt":"2019-10-04T20:18:25","slug":"concejal-german-flores-solicita-gratuidad-para-los-adultos-mayores-que-utilizan-las-micros-en-punta-arenas","status":"publish","type":"post","link":"https:\/\/www.radiopresidenteibanez.cl\/web\/concejal-german-flores-solicita-gratuidad-para-los-adultos-mayores-que-utilizan-las-micros-en-punta-arenas\/","title":{"rendered":"CONCEJAL GERMAN FLORES SOLICITA GRATUIDAD PARA LOS ADULTOS MAYORES QUE UTILIZAN LAS MICROS EN PUNTA ARENAS"},"content":{"rendered":"\n<p>\u201cLos adultos mayores que hoy utilizan las micros en nuestra\nciudad en su mayor\u00eda son de escasos recursos, con pensiones m\u00ednimas, que cuando\nusan este transporte no lo hacen por paseo, sino que lo ocupan principalmente\npara hacer tr\u00e1mites, ex\u00e1menes m\u00e9dicos en el hospital, en los centros de salud\nprimaria, retiro de medicamentos, desplazamiento hasta los centro de pagos de\nsus pensiones, entre otros, por lo tanto el Estado puede hacer los esfuerzo y\notorgarle gratuidad en el uso de este medio\u201d.<\/p>\n\n\n\n<p>Con estas palabras el concejal de la comuna Germ\u00e1n Flores se\nrefiri\u00f3 al oficio que ingres\u00f3 a la intendencia en donde le solicita a la primera\nautoridad regional Jos\u00e9 Fern\u00e1ndez, hacer uso de sus buenos oficios para elevar\nesta solicitud a nivel nacional, espec\u00edficamente a la Ministra de Transporte y\nTelecomunicaciones, para que se pueda otorgar esta franquicia a los adultos\nmayores de la comuna.<\/p>\n\n\n\n<p>\u201cActualmente y producto de una negociaci\u00f3n entre el anterior\nGobierno y la empresa saliente, se estableci\u00f3&nbsp;\nuna rebaja en el pasaje para los adultos mayores de 60 a\u00f1os, de un 50%\npara todos los d\u00edas del a\u00f1o, en donde la empresa, cumpliendo un rol social\nempresarial, tuvo un gesto, ya que el Estado s\u00f3lo aportaba un subsidio para la\nrebaja del pasaje durante los d\u00edas mi\u00e9rcoles y domingo, por lo tanto y ante el\npr\u00f3ximo traspaso de concesi\u00f3n de transporte de pasajeros, el Gobierno puede\ntener en consideraci\u00f3n esta solicitud y otorgar los recursos para la gratuidad\u201d,\nse\u00f1al\u00f3 el concejal Flores.<\/p>\n\n\n\n<p>M\u00e1s adelante expres\u00f3 que los costos que significar\u00eda esta\ngratuidad son muy marginales, considerando que actualmente el subsidio mensual alcanza\nlos 200 millones de pesos. \u201cEl promedio diario de adultos mayores que se\nmovilizan en este transporte y que pagan 170 pesos es de 1.500 personas, por lo\ntanto no es una alta cifra, y si hay voluntad del Gobierno y de la empresa se\npuede lograr\u201d, agreg\u00f3.<\/p>\n\n\n\n<p>Finalmente manifest\u00f3 que hay adultos mayores que no pueden\nmovilizarse por falta de recursos, pues no tienen 340 pesos que le significa el\nviaje de ida y regreso, de ah\u00ed que cree que ser\u00eda un gran gesto del Gobierno para\ntodos ellos. &nbsp;<\/p>\n","protected":false},"excerpt":{"rendered":"<p>\u201cLos adultos mayores que hoy utilizan las micros en nuestra ciudad en su mayor\u00eda son de escasos recursos, con pensiones m\u00ednimas, que cuando usan este transporte no lo hacen por&#8230; <a class=\"read-more\" href=\"https:\/\/www.radiopresidenteibanez.cl\/web\/concejal-german-flores-solicita-gratuidad-para-los-adultos-mayores-que-utilizan-las-micros-en-punta-arenas\/\">Leer m\u00e1s<\/a><\/p>\n","protected":false},"author":2,"featured_media":740,"comment_status":"closed","ping_status":"closed","sticky":false,"template":"","format":"standard","meta":{"footnotes":""},"categories":[1],"tags":[],"class_list":["post-7429","post","type-post","status-publish","format-standard","has-post-thumbnail","hentry","category-cronica"],"_links":{"self":[{"href":"https:\/\/www.radiopresidenteibanez.cl\/web\/wp-json\/wp\/v2\/posts\/7429","targetHints":{"allow":["GET"]}}],"collection":[{"href":"https:\/\/www.radiopresidenteibanez.cl\/web\/wp-json\/wp\/v2\/posts"}],"about":[{"href":"https:\/\/www.radiopresidenteibanez.cl\/web\/wp-json\/wp\/v2\/types\/post"}],"author":[{"embeddable":true,"href":"https:\/\/www.radiopresidenteibanez.cl\/web\/wp-json\/wp\/v2\/users\/2"}],"replies":[{"embeddable":true,"href":"https:\/\/www.radiopresidenteibanez.cl\/web\/wp-json\/wp\/v2\/comments?post=7429"}],"version-history":[{"count":0,"href":"https:\/\/www.radiopresidenteibanez.cl\/web\/wp-json\/wp\/v2\/posts\/7429\/revisions"}],"wp:featuredmedia":[{"embeddable":true,"href":"https:\/\/www.radiopresidenteibanez.cl\/web\/wp-json\/wp\/v2\/media\/740"}],"wp:attachment":[{"href":"https:\/\/www.radiopresidenteibanez.cl\/web\/wp-json\/wp\/v2\/media?parent=7429"}],"wp:term":[{"taxonomy":"category","embeddable":true,"href":"https:\/\/www.radiopresidenteibanez.cl\/web\/wp-json\/wp\/v2\/categories?post=7429"},{"taxonomy":"post_tag","embeddable":true,"href":"https:\/\/www.radiopresidenteibanez.cl\/web\/wp-json\/wp\/v2\/tags?post=7429"}],"curies":[{"name":"wp","href":"https:\/\/api.w.org\/{rel}","templated":true}]}}