{"id":7426,"date":"2019-10-04T20:16:17","date_gmt":"2019-10-04T20:16:17","guid":{"rendered":"http:\/\/www.radiopresidenteibanez.cl\/web\/?p=7426"},"modified":"2019-10-04T20:16:23","modified_gmt":"2019-10-04T20:16:23","slug":"concejala-veronica-aguilar-solicita-proyecto-de-recuperacion-para-la-pasarela-peatonal-ubicada-en-republica-con-arauco","status":"publish","type":"post","link":"https:\/\/www.radiopresidenteibanez.cl\/web\/concejala-veronica-aguilar-solicita-proyecto-de-recuperacion-para-la-pasarela-peatonal-ubicada-en-republica-con-arauco\/","title":{"rendered":"CONCEJALA VER\u00d3NICA AGUILAR SOLICITA PROYECTO DE RECUPERACI\u00d3N PARA LA PASARELA PEATONAL UBICADA EN REP\u00daBLICA CON ARAUCO"},"content":{"rendered":"\n<p>Por medio de un oficio, la concejala Ver\u00f3nica Aguilar solicito formalmente al alcalde la incorporaci\u00f3n de un \u00e1rea verde ubicada al costado norte de la pasarela ubicada en calle Rep\u00fablica con Arauco, pues ese espacio se encuentra en p\u00e9simas condiciones convirti\u00e9ndose en una playa de estacionamiento para veh\u00edculos de gran envergadura generando un riesgo latente para los vecinos y estudiantes que d\u00eda a d\u00eda transitan por el lugar.<\/p>\n\n\n\n<p>No cuentan con un paso de cebra que permita dar seguridad para el cruce peatonal.<\/p>\n\n\n\n<p>Existen al menos tres establecimientos educacionales en el sector, y la mayor\u00eda de los vecinos son adultos mayores.<\/p>\n\n\n\n<p>A pesar de estos antecedentes, la pasarela no cuenta con iluminaci\u00f3n y tampoco con ingreso para personas en situaci\u00f3n de discapacidad.<\/p>\n\n\n\n<p>Por tal motivo, es que la concejala solicito formalmente se pueda levantar un proyecto que permita la recuperaci\u00f3n del \u00e1rea verde y la incorporaci\u00f3n de una pasarela inclusiva.<\/p>\n\n\n\n<p>\u201cHoy el municipio lleva adelante un proyecto de recuperaci\u00f3n de \u00e1reas verdes, por lo que en ese sentido he solicitado la incorporaci\u00f3n de este espacio, pero lo m\u00e1s preocupante es que nuestra ciudad ha firmado un convenio de ciudad amigable, y este tipo de infraestructuras se condice con este desaf\u00edo, pues no es \u00f3ptimo para personas en situaci\u00f3n de discapacidad, o adultos mayores o incluso familias con coches de bebes, por lo que es necesario levantar proyectos con esta perspectiva, una mirada inclusiva\u201d, se\u00f1alo la concejala Ver\u00f3nica Aguilar.<br><\/p>\n","protected":false},"excerpt":{"rendered":"<p>Por medio de un oficio, la concejala Ver\u00f3nica Aguilar solicito formalmente al alcalde la incorporaci\u00f3n de un \u00e1rea verde ubicada al costado norte de la pasarela ubicada en calle Rep\u00fablica&#8230; <a class=\"read-more\" href=\"https:\/\/www.radiopresidenteibanez.cl\/web\/concejala-veronica-aguilar-solicita-proyecto-de-recuperacion-para-la-pasarela-peatonal-ubicada-en-republica-con-arauco\/\">Leer m\u00e1s<\/a><\/p>\n","protected":false},"author":2,"featured_media":7427,"comment_status":"closed","ping_status":"closed","sticky":false,"template":"","format":"standard","meta":{"footnotes":""},"categories":[1],"tags":[],"class_list":["post-7426","post","type-post","status-publish","format-standard","has-post-thumbnail","hentry","category-cronica"],"_links":{"self":[{"href":"https:\/\/www.radiopresidenteibanez.cl\/web\/wp-json\/wp\/v2\/posts\/7426","targetHints":{"allow":["GET"]}}],"collection":[{"href":"https:\/\/www.radiopresidenteibanez.cl\/web\/wp-json\/wp\/v2\/posts"}],"about":[{"href":"https:\/\/www.radiopresidenteibanez.cl\/web\/wp-json\/wp\/v2\/types\/post"}],"author":[{"embeddable":true,"href":"https:\/\/www.radiopresidenteibanez.cl\/web\/wp-json\/wp\/v2\/users\/2"}],"replies":[{"embeddable":true,"href":"https:\/\/www.radiopresidenteibanez.cl\/web\/wp-json\/wp\/v2\/comments?post=7426"}],"version-history":[{"count":0,"href":"https:\/\/www.radiopresidenteibanez.cl\/web\/wp-json\/wp\/v2\/posts\/7426\/revisions"}],"wp:featuredmedia":[{"embeddable":true,"href":"https:\/\/www.radiopresidenteibanez.cl\/web\/wp-json\/wp\/v2\/media\/7427"}],"wp:attachment":[{"href":"https:\/\/www.radiopresidenteibanez.cl\/web\/wp-json\/wp\/v2\/media?parent=7426"}],"wp:term":[{"taxonomy":"category","embeddable":true,"href":"https:\/\/www.radiopresidenteibanez.cl\/web\/wp-json\/wp\/v2\/categories?post=7426"},{"taxonomy":"post_tag","embeddable":true,"href":"https:\/\/www.radiopresidenteibanez.cl\/web\/wp-json\/wp\/v2\/tags?post=7426"}],"curies":[{"name":"wp","href":"https:\/\/api.w.org\/{rel}","templated":true}]}}