{"id":7423,"date":"2019-10-04T20:12:59","date_gmt":"2019-10-04T20:12:59","guid":{"rendered":"http:\/\/www.radiopresidenteibanez.cl\/web\/?p=7423"},"modified":"2019-10-04T20:13:05","modified_gmt":"2019-10-04T20:13:05","slug":"dialogos-regionales-sobre-la-ley-de-artes-escenicas-en-magallanes","status":"publish","type":"post","link":"https:\/\/www.radiopresidenteibanez.cl\/web\/dialogos-regionales-sobre-la-ley-de-artes-escenicas-en-magallanes\/","title":{"rendered":"\u201cDI\u00c1LOGOS REGIONALES SOBRE LA LEY  DE ARTES ESC\u00c9NICAS\u201d EN MAGALLANES"},"content":{"rendered":"\n<p>Propiciar\nun espacio de discusi\u00f3n participativa e informar sobre los alcances del nuevo\nescenario institucional a las asociaciones gremiales pertenecientes a las\ndisciplinas de teatro, danza, \u00f3pera, artes circenses, narradores\/as orales y\ntitiriteros\/as, en el marco de la promulgaci\u00f3n de la Ley de Fomento a las Artes\nEsc\u00e9nicas (AA.EE), son los objetivos del ciclo de \u201cDi\u00e1logos regionales sobre la\nLey de Artes Esc\u00e9nicas\u201d, impulsados por el Ministerio de las Culturas, las\nArtes y el Patrimonio.<\/p>\n\n\n\n<p>En la\nregi\u00f3n de Magallanes, este encuentro se llevar\u00e1 a cabo el pr\u00f3ximo martes 8 de\noctubre, entre las 15.00 y 20.00 horas, en dependencias del Centro Cultural de\nPunta Arenas (21 de Mayo N\u00b0 2421). El acceso es gratuito y la inscripci\u00f3n se\ndebe realizar en&nbsp;<strong><a href=\"https:\/\/www.cultura.gob.cl\/dialogos-aaee\/inscripciones\/\" target=\"_blank\" rel=\"noreferrer noopener\"><strong>https:\/\/www.cultura.gob.cl\/dialogos-aaee\/inscripciones\/<\/strong><\/a><\/strong>. <\/p>\n\n\n\n<p>\u201cEstamos\nviviendo un momento hist\u00f3rico para las artes esc\u00e9nicas. Los cultores de la\ndisciplina, junto a nuestro Ministerio, trabajaron para la conquista de este\ngran logro, que hoy nos ofrece una nueva institucionalidad para las disciplinas\ndel sector. Es importante que se sumen a este espacio de conversaci\u00f3n. Queremos\nsaber cu\u00e1l es la visi\u00f3n de la comunidad art\u00edstica sobre este avance y de los\nalcances del nuevo escenario\u201d, explic\u00f3 la Seremi de las Culturas, las Artes y\nel Patrimonio, Katherine Ibacache, junto con invitar a la jornada a los\/las\nartistas, gestores\/ras y representantes de las artes esc\u00e9nicas de la regi\u00f3n. <\/p>\n\n\n\n<p>La\nactividad, que apunta adem\u00e1s a recoger la mirada territorial de los\/las agentes\ndel sector acerca de este avance de la institucionalidad cultural, tendr\u00e1 una\nduraci\u00f3n m\u00e1xima de cinco horas cronol\u00f3gicas. Contempla dos etapas: Presentaci\u00f3n&nbsp;desde la Macro\u00e1rea de Artes Esc\u00e9nicas del Ministerio de las Culturas sobre la Ley de AA.EE; e\ninformaci\u00f3n sobre la\narticulaci\u00f3n de la nueva org\u00e1nica y se an\u00e1lisis del futuro\nreglamento que regir\u00e1 a la Secretar\u00eda Ejecutiva de las Artes Esc\u00e9nicas.<\/p>\n\n\n\n<p>Los\/as\nagentes que deseen inscribirse, deber\u00e1n cumplir con el siguiente perfil\nrequerido: <strong>Representantes de asociaciones\ngremiales o sindicales vinculadas a las Artes Esc\u00e9nicas; Agentes y gestores\nculturales vinculados a las Artes Esc\u00e9nicas (teatro, danza, narradores orales,\ntitiriteros, artes circenses, \u00f3pera) y que hayan sido beneficiarios o\nparticipado en al menos una de las siguientes instancias o programas:<\/strong><strong> <\/strong>Mesas\nsectoriales regionales de AA.EE, Encargados de centros, redes e instituciones\nculturales, Beneficiarios de Programas y Fondos de Cultura relacionados a las\nartes esc\u00e9nicas como Fondart, Acciona, Cecrea, Programa OIC, Programa\nFortalecimiento de Organizaciones Culturales (Ex Intermediaci\u00f3n), Iniciativas\norganizadas por la Secretar\u00eda Ejecutiva de Econom\u00eda Creativa, FNDR, Fondos\nComunales u otros.<\/p>\n\n\n\n<p>Los\n\u201cDi\u00e1logos regionales sobre la Ley de Artes Esc\u00e9nicas\u201d, es una iniciativa que se\nreplicar\u00e1 en 16 ciudades de todas las regiones del pa\u00eds. <\/p>\n\n\n\n<p><strong>Ley de Artes Esc\u00e9nicas<\/strong><\/p>\n\n\n\n<p>El pasado 4\nde junio se aprob\u00f3 en el Senado, la Ley&nbsp;de Fomento\na las Artes Esc\u00e9nicas (Ley 21.175)\ny fue publicada por el Diario Oficial, el lunes 16 de septiembre. La nueva normativa\nimplica la creaci\u00f3n del Consejo\nNacional de Artes Esc\u00e9nicas, del Premio\nPresidente de la Rep\u00fablica y del Fondo Nacional de Artes Esc\u00e9nicas.<\/p>\n\n\n\n<p>Este cambio\ninstitucional velar\u00e1 por la planificaci\u00f3n estrat\u00e9gica del sector de\nlas Artes Esc\u00e9nicas, en\ncoherencia con las Pol\u00edticas Culturales\n2017-2022, permitiendo&nbsp;atender de manera\nespec\u00edfica las\nnecesidades de los creadores, investigadores, int\u00e9rpretes, gestores,\nproductores, t\u00e9cnicos, dise\u00f1adores esc\u00e9nicos y otros agentes pertenecientes al\nsector de las Artes Esc\u00e9nicas.<\/p>\n","protected":false},"excerpt":{"rendered":"<p>Propiciar un espacio de discusi\u00f3n participativa e informar sobre los alcances del nuevo escenario institucional a las asociaciones gremiales pertenecientes a las disciplinas de teatro, danza, \u00f3pera, artes circenses, narradores\/as&#8230; <a class=\"read-more\" href=\"https:\/\/www.radiopresidenteibanez.cl\/web\/dialogos-regionales-sobre-la-ley-de-artes-escenicas-en-magallanes\/\">Leer m\u00e1s<\/a><\/p>\n","protected":false},"author":2,"featured_media":7424,"comment_status":"closed","ping_status":"closed","sticky":false,"template":"","format":"standard","meta":{"footnotes":""},"categories":[1],"tags":[],"class_list":["post-7423","post","type-post","status-publish","format-standard","has-post-thumbnail","hentry","category-cronica"],"_links":{"self":[{"href":"https:\/\/www.radiopresidenteibanez.cl\/web\/wp-json\/wp\/v2\/posts\/7423","targetHints":{"allow":["GET"]}}],"collection":[{"href":"https:\/\/www.radiopresidenteibanez.cl\/web\/wp-json\/wp\/v2\/posts"}],"about":[{"href":"https:\/\/www.radiopresidenteibanez.cl\/web\/wp-json\/wp\/v2\/types\/post"}],"author":[{"embeddable":true,"href":"https:\/\/www.radiopresidenteibanez.cl\/web\/wp-json\/wp\/v2\/users\/2"}],"replies":[{"embeddable":true,"href":"https:\/\/www.radiopresidenteibanez.cl\/web\/wp-json\/wp\/v2\/comments?post=7423"}],"version-history":[{"count":0,"href":"https:\/\/www.radiopresidenteibanez.cl\/web\/wp-json\/wp\/v2\/posts\/7423\/revisions"}],"wp:featuredmedia":[{"embeddable":true,"href":"https:\/\/www.radiopresidenteibanez.cl\/web\/wp-json\/wp\/v2\/media\/7424"}],"wp:attachment":[{"href":"https:\/\/www.radiopresidenteibanez.cl\/web\/wp-json\/wp\/v2\/media?parent=7423"}],"wp:term":[{"taxonomy":"category","embeddable":true,"href":"https:\/\/www.radiopresidenteibanez.cl\/web\/wp-json\/wp\/v2\/categories?post=7423"},{"taxonomy":"post_tag","embeddable":true,"href":"https:\/\/www.radiopresidenteibanez.cl\/web\/wp-json\/wp\/v2\/tags?post=7423"}],"curies":[{"name":"wp","href":"https:\/\/api.w.org\/{rel}","templated":true}]}}