{"id":7421,"date":"2019-10-04T20:11:18","date_gmt":"2019-10-04T20:11:18","guid":{"rendered":"http:\/\/www.radiopresidenteibanez.cl\/web\/?p=7421"},"modified":"2019-10-04T20:11:24","modified_gmt":"2019-10-04T20:11:24","slug":"diputada-amar-y-alto-precio-de-medicamentos-en-el-pais-le-pedimos-al-gobierno-que-incorpore-en-el-presupuesto-de-2020-recursos-para-esta-situacion","status":"publish","type":"post","link":"https:\/\/www.radiopresidenteibanez.cl\/web\/diputada-amar-y-alto-precio-de-medicamentos-en-el-pais-le-pedimos-al-gobierno-que-incorpore-en-el-presupuesto-de-2020-recursos-para-esta-situacion\/","title":{"rendered":"DIPUTADA AMAR Y ALTO PRECIO DE MEDICAMENTOS EN EL PA\u00cdS: \u201cLE PEDIMOS AL GOBIERNO QUE INCORPORE EN EL PRESUPUESTO DE 2020 RECURSOS PARA ESTA SITUACI\u00d3N\u201d"},"content":{"rendered":"\n<p>La parlamentaria gremialista sostuvo que los precios en el extranjero son comparativamente m\u00e1s bajos que en el pa\u00eds.<br>La diputada de la UDI, Sandra Amar, hizo un llamado al gobierno a incorporar en la ley de presupuesto para el a\u00f1o 2020, recursos para regular el alto precio de los medicamentos en el pa\u00eds.<br><br>Esto, explic\u00f3 la parlamentaria gremialista porque \u201cen el extranjero, muchas veces se encuentran medicamentos a precios mucho m\u00e1s econ\u00f3micos que en Chile, por lo que a juicio de Amar, \u201cesta es una materia que el ejecutivo debe regular\u201d.<br><br>\u201cDebemos incorporar una pol\u00edtica m\u00e1s radical y profunda en el sentido de que este tipo de productos sea de calidad para que as\u00ed las personas puedan acceder a ellos con la certeza de que al tomarlo ser\u00e1 efectivo en el tratamiento\u201d, agreg\u00f3.<br><br>\u00a0En concreto, la legisladora sostuvo que \u201cbuscamos que el gobierno se haga cargo de un problema que afecta a todos los chilenos, pero con mayor impacto en los adultos mayores, quienes requieren para su cuidado un gasto mensual en medicamentos, muchos de los cuales en ocasiones no est\u00e1n a su alcance\u201d.<br><br>En ese contexto, Amar sostuvo que deben \u00abexistir decretos muy estrictos en materia de bioequivalencia, con el fin de que dicho producto cuente con la misma calidad que de uno de marca. Esta es una propuesta que llevaremos adelante como Bancada, no podemos permitir que el valor de los remedios en Chile est\u00e9 por encima del poder adquisitivo de millones de chilenos, muchos de los cuales no logran llegar a fin de mes con la plata que reciben y entre ello deben gastar en medicamentos\u201d, argument\u00f3.<br><br>Finalmente, la diputada Sandra Amar indic\u00f3 \u201cque hay medidas que se pueden y deben adoptar, como los medicamentos bioequivalentes. Las utilidades de las cadenas farmac\u00e9uticas y laboratorios son escandalosas, es vergonzoso como se coluden en contra de los chilenos, lo que m\u00e1s molesta es que afecta principalmente a los adultos mayores. Por eso, tambi\u00e9n pediremos trato un preferente para ellos\u201d.<strong><br><\/strong><br><\/p>\n","protected":false},"excerpt":{"rendered":"<p>La parlamentaria gremialista sostuvo que los precios en el extranjero son comparativamente m\u00e1s bajos que en el pa\u00eds.La diputada de la UDI, Sandra Amar, hizo un llamado al gobierno a&#8230; <a class=\"read-more\" href=\"https:\/\/www.radiopresidenteibanez.cl\/web\/diputada-amar-y-alto-precio-de-medicamentos-en-el-pais-le-pedimos-al-gobierno-que-incorpore-en-el-presupuesto-de-2020-recursos-para-esta-situacion\/\">Leer m\u00e1s<\/a><\/p>\n","protected":false},"author":2,"featured_media":3008,"comment_status":"closed","ping_status":"closed","sticky":false,"template":"","format":"standard","meta":{"footnotes":""},"categories":[1],"tags":[],"class_list":["post-7421","post","type-post","status-publish","format-standard","has-post-thumbnail","hentry","category-cronica"],"_links":{"self":[{"href":"https:\/\/www.radiopresidenteibanez.cl\/web\/wp-json\/wp\/v2\/posts\/7421","targetHints":{"allow":["GET"]}}],"collection":[{"href":"https:\/\/www.radiopresidenteibanez.cl\/web\/wp-json\/wp\/v2\/posts"}],"about":[{"href":"https:\/\/www.radiopresidenteibanez.cl\/web\/wp-json\/wp\/v2\/types\/post"}],"author":[{"embeddable":true,"href":"https:\/\/www.radiopresidenteibanez.cl\/web\/wp-json\/wp\/v2\/users\/2"}],"replies":[{"embeddable":true,"href":"https:\/\/www.radiopresidenteibanez.cl\/web\/wp-json\/wp\/v2\/comments?post=7421"}],"version-history":[{"count":0,"href":"https:\/\/www.radiopresidenteibanez.cl\/web\/wp-json\/wp\/v2\/posts\/7421\/revisions"}],"wp:featuredmedia":[{"embeddable":true,"href":"https:\/\/www.radiopresidenteibanez.cl\/web\/wp-json\/wp\/v2\/media\/3008"}],"wp:attachment":[{"href":"https:\/\/www.radiopresidenteibanez.cl\/web\/wp-json\/wp\/v2\/media?parent=7421"}],"wp:term":[{"taxonomy":"category","embeddable":true,"href":"https:\/\/www.radiopresidenteibanez.cl\/web\/wp-json\/wp\/v2\/categories?post=7421"},{"taxonomy":"post_tag","embeddable":true,"href":"https:\/\/www.radiopresidenteibanez.cl\/web\/wp-json\/wp\/v2\/tags?post=7421"}],"curies":[{"name":"wp","href":"https:\/\/api.w.org\/{rel}","templated":true}]}}