{"id":7409,"date":"2019-10-03T22:05:46","date_gmt":"2019-10-03T22:05:46","guid":{"rendered":"http:\/\/www.radiopresidenteibanez.cl\/web\/?p=7409"},"modified":"2019-10-03T22:05:53","modified_gmt":"2019-10-03T22:05:53","slug":"malestar-entre-los-trabajadores-de-enap-le-queremos-decir-a-kusanovic-presidente-del-core-que-gracias-a-enap-hoy-la-region-tiene-gas-no-por-el-privado","status":"publish","type":"post","link":"https:\/\/www.radiopresidenteibanez.cl\/web\/malestar-entre-los-trabajadores-de-enap-le-queremos-decir-a-kusanovic-presidente-del-core-que-gracias-a-enap-hoy-la-region-tiene-gas-no-por-el-privado\/","title":{"rendered":"MALESTAR ENTRE LOS TRABAJADORES DE ENAP \u201cLE QUEREMOS DECIR A KUSANOVIC PRESIDENTE DEL CORE, QUE GRACIAS A ENAP HOY LA REGI\u00d3N TIENE GAS, NO POR EL PRIVADO\u201d"},"content":{"rendered":"\n<p>Con indignaci\u00f3n\nreacciono la directiva del sindicato de trabajadores de Enap a trav\u00e9s de su presidente\nAlejandro Avenda\u00f1o Gallardo, quien agrego: primero Kusanovic le ha faltado el\nrespeto no solo a los trabajadores y trabajadoras de Enap, sino tambi\u00e9n a los\nhabitantes de la regi\u00f3n, ya que Enap a riesgo propio y no el privado logro a\ntrav\u00e9s del gas no convencional hoy tener asegurado el gas por m\u00e1s de 20 a\u00f1os\npara la ciudadan\u00eda, y hoy gracias al subsidio Enap vende el gas a Gasco a $43\nel metro cubico y gasco lo vende a la comunidad a $90 el metro cubico m\u00e1s los\nadicionales llega a un valor de $93 el metro cubico y aqu\u00ed el Sr. Kusanovic no\ndice nada.<\/p>\n\n\n\n<p>Nos parece\nlamentable que un presidente del Core, tenga esta opini\u00f3n de Enap que tanto\naporte a entregado a la econom\u00eda no solo de la regi\u00f3n sino tambi\u00e9n del pa\u00eds, le\nrecordamos adem\u00e1s que Enap realiza diferentes aportes en la regi\u00f3n como por\nejemplo Fondo de Desarrollo de Magallanes (Fondema) y que anualmente sobre pasa\nlos dos mil millones de pesos con el objeto de promover, orientar, financiar y\nsubvencionar la ejecuci\u00f3n de estudios, programas y proyectos en recursos\ninyectados en Magallanes, nos gustar\u00eda conocer la opini\u00f3n de los dem\u00e1s\nintegrantes del Core que apoyaron su candidatura para presidir el Core cuando\nse refiere as\u00ed hacia una empresa del estado. <\/p>\n\n\n\n<p>Los esfuerzos por\nseguir bajando los costos de producci\u00f3n estamos comprometidos todos los\ntrabajadores y trabajadoras de Enap y sus empresas colaboradoras y lo estamos\nlogrando, vamos en el camino correcto y hoy podemos decir con orgullo los\ntrabajadores con el esfuerzo de todos que por primera vez despu\u00e9s de nueve a\u00f1os\nde resultados econ\u00f3micos negativos este a\u00f1o 2019 estamos con resultados azules\nen Magallanes.<\/p>\n\n\n\n<p>Seguiremos\nluchando para que Enap Magallanes no solo siga creciendo sino se mantenga como\nuna gran empresa del estado, para ello se debe invertir fuertemente no solo\npara seguir aumentando la producci\u00f3n de gas y buscar nuevos potenciales\nclientes y creemos que llego el momento de invertir para poder descubrir al\nigual que el gas no convencional, el petr\u00f3leo no convencional que estamos\nseguros tambi\u00e9n habr\u00eda grandes reservas en Magallanes, finalizo se\u00f1alando el\nm\u00e1ximo l\u00edder de los petroleros.<\/p>\n","protected":false},"excerpt":{"rendered":"<p>Con indignaci\u00f3n reacciono la directiva del sindicato de trabajadores de Enap a trav\u00e9s de su presidente Alejandro Avenda\u00f1o Gallardo, quien agrego: primero Kusanovic le ha faltado el respeto no solo&#8230; <a class=\"read-more\" href=\"https:\/\/www.radiopresidenteibanez.cl\/web\/malestar-entre-los-trabajadores-de-enap-le-queremos-decir-a-kusanovic-presidente-del-core-que-gracias-a-enap-hoy-la-region-tiene-gas-no-por-el-privado\/\">Leer m\u00e1s<\/a><\/p>\n","protected":false},"author":2,"featured_media":6713,"comment_status":"closed","ping_status":"closed","sticky":false,"template":"","format":"standard","meta":{"footnotes":""},"categories":[1],"tags":[],"class_list":["post-7409","post","type-post","status-publish","format-standard","has-post-thumbnail","hentry","category-cronica"],"_links":{"self":[{"href":"https:\/\/www.radiopresidenteibanez.cl\/web\/wp-json\/wp\/v2\/posts\/7409","targetHints":{"allow":["GET"]}}],"collection":[{"href":"https:\/\/www.radiopresidenteibanez.cl\/web\/wp-json\/wp\/v2\/posts"}],"about":[{"href":"https:\/\/www.radiopresidenteibanez.cl\/web\/wp-json\/wp\/v2\/types\/post"}],"author":[{"embeddable":true,"href":"https:\/\/www.radiopresidenteibanez.cl\/web\/wp-json\/wp\/v2\/users\/2"}],"replies":[{"embeddable":true,"href":"https:\/\/www.radiopresidenteibanez.cl\/web\/wp-json\/wp\/v2\/comments?post=7409"}],"version-history":[{"count":0,"href":"https:\/\/www.radiopresidenteibanez.cl\/web\/wp-json\/wp\/v2\/posts\/7409\/revisions"}],"wp:featuredmedia":[{"embeddable":true,"href":"https:\/\/www.radiopresidenteibanez.cl\/web\/wp-json\/wp\/v2\/media\/6713"}],"wp:attachment":[{"href":"https:\/\/www.radiopresidenteibanez.cl\/web\/wp-json\/wp\/v2\/media?parent=7409"}],"wp:term":[{"taxonomy":"category","embeddable":true,"href":"https:\/\/www.radiopresidenteibanez.cl\/web\/wp-json\/wp\/v2\/categories?post=7409"},{"taxonomy":"post_tag","embeddable":true,"href":"https:\/\/www.radiopresidenteibanez.cl\/web\/wp-json\/wp\/v2\/tags?post=7409"}],"curies":[{"name":"wp","href":"https:\/\/api.w.org\/{rel}","templated":true}]}}