{"id":7401,"date":"2019-10-03T21:58:44","date_gmt":"2019-10-03T21:58:44","guid":{"rendered":"http:\/\/www.radiopresidenteibanez.cl\/web\/?p=7401"},"modified":"2019-10-03T21:58:50","modified_gmt":"2019-10-03T21:58:50","slug":"alcalde-radonich-recibio-primer-embarque-de-vidrio-para-reciclaje-en-la-capital","status":"publish","type":"post","link":"https:\/\/www.radiopresidenteibanez.cl\/web\/alcalde-radonich-recibio-primer-embarque-de-vidrio-para-reciclaje-en-la-capital\/","title":{"rendered":"ALCALDE RADONICH RECIBI\u00d3 PRIMER EMBARQUE DE VIDRIO PARA RECICLAJE EN LA CAPITAL"},"content":{"rendered":"\n<p>En el D\u00eda Nacional del Medio Ambiente, la ministra del Medio Ambiente, Carolina Schmidt, particip\u00f3 de la hist\u00f3rica recepci\u00f3n del primer embarque de vidrio recolectado en Punta Arenas y que lleg\u00f3 a la planta Padre Hurtado de Cristaler\u00edas Chile para ser reciclado, marcando un hito en la valorizaci\u00f3n de residuos en regiones extremas.<\/p>\n\n\n\n<p>La titular de Medio Ambiente inform\u00f3 que fueron recolectados 40 toneladas de vidrio, equivalente a m\u00e1s de 130 mil envases, gracias a una alianza p\u00fablico \u2013 privada denominada Magallanes Elige Vidrio, la campa\u00f1a de reciclaje m\u00e1s austral del mundo.<\/p>\n\n\n\n<p>\u201cEstamos impulsando la transici\u00f3n de Chile hacia una econom\u00eda circular que cuide nuestro planeta al poder reducir, reutilizar y reciclar los productos para no generar basura. En el D\u00eda Nacional del Medio Ambiente, avanzamos en hacer de Chile un pa\u00eds m\u00e1s limpio, impulsando acciones concretas desde las regiones\u201d, sostuvo la ministra Schmidt.<\/p>\n\n\n\n<p>Este hito se consigui\u00f3 gracias a la alianza p\u00fablico \u2013 privada Magallanes Elige Vidrio, la campa\u00f1a de reciclaje de vidrio m\u00e1s austral del mundo, logrando un proyecto econ\u00f3micamente viable y ambientalmente responsable al tener baja huella de carbono. Esta iniciativa se impuso como meta recolectar 1 mill\u00f3n de envases al a\u00f1o, los que volver\u00e1n al ciclo de producci\u00f3n y no terminar\u00e1n en la basura.<\/p>\n\n\n\n<p>\u201cCon esta llegada de 40 toneladas de vidrio reciclado desde Punta Arenas, nos acercamos a nuestro sue\u00f1o de lograr la red de reciclaje m\u00e1s extensa de Chile. Magallanes Elige Vidrio viene a confirmar que se pueden romper paradigmas y construir un modelo de reciclaje sostenible que se sustenta en alianzas de actores p\u00fablicos y privados\u201d, agreg\u00f3 Jos\u00e9 Miguel del Solar, Gerente de Personas y Sustentabilidad de Cristaler\u00edas de Chile.<\/p>\n\n\n\n<p>La ministra Schmidt record\u00f3 que, en paralelo, \u201cel gobierno est\u00e1 trabajando en la implementaci\u00f3n de la ley de Responsabilidad Extendida del Productor que permitir\u00e1 establecer un sistema de recolecci\u00f3n de residuos reciclables puerta a puerta. En el caso del vidrio, se pasar\u00e1 del 15,7% de reciclaje, a un 65% al 2030 gracias al desarrollo de esta pol\u00edtica p\u00fablica\u201d.Finalmente, el Alcalde Claudio Radonich dijo que \u201cpara nuestra ciudad, capital de la Patagonia y puerta de entrada a la Ant\u00e1rtica, es importante haber logrado concretar un anhelo de mucho tiempo, que es poder reciclar de manera eficiente y responsable, raz\u00f3n por la cual agradecemos el esfuerzo conjunto que se ha llevado adelante por parte de todos los actores p\u00fablicos y privados, por que esta no es tarea de unos pocos, sino que m\u00e1s bien es una labor que debemos fomentar y potenciar en cada uno de los rincones de nuestro pa\u00eds\u201d.<\/p>\n\n\n\n<p>\u201cAgradezco especialmente a Elige Vidrio, a Cristaler\u00edas Chile, a Transmares y a CCU por haber elegido Punta Arenas para continuar esta campa\u00f1a que ha sido todo un \u00e9xito en nuestra ciudad, que se prepara para conmemorar los 500 a\u00f1os del Estrecho de Magallanes en el a\u00f1o 2020, y que mejor que con una ciudad m\u00e1s bonita y m\u00e1s limpia\u201d, recalc\u00f3.<\/p>\n","protected":false},"excerpt":{"rendered":"<p>En el D\u00eda Nacional del Medio Ambiente, la ministra del Medio Ambiente, Carolina Schmidt, particip\u00f3 de la hist\u00f3rica recepci\u00f3n del primer embarque de vidrio recolectado en Punta Arenas y que&#8230; <a class=\"read-more\" href=\"https:\/\/www.radiopresidenteibanez.cl\/web\/alcalde-radonich-recibio-primer-embarque-de-vidrio-para-reciclaje-en-la-capital\/\">Leer m\u00e1s<\/a><\/p>\n","protected":false},"author":2,"featured_media":7402,"comment_status":"closed","ping_status":"closed","sticky":false,"template":"","format":"standard","meta":{"footnotes":""},"categories":[1],"tags":[],"class_list":["post-7401","post","type-post","status-publish","format-standard","has-post-thumbnail","hentry","category-cronica"],"_links":{"self":[{"href":"https:\/\/www.radiopresidenteibanez.cl\/web\/wp-json\/wp\/v2\/posts\/7401","targetHints":{"allow":["GET"]}}],"collection":[{"href":"https:\/\/www.radiopresidenteibanez.cl\/web\/wp-json\/wp\/v2\/posts"}],"about":[{"href":"https:\/\/www.radiopresidenteibanez.cl\/web\/wp-json\/wp\/v2\/types\/post"}],"author":[{"embeddable":true,"href":"https:\/\/www.radiopresidenteibanez.cl\/web\/wp-json\/wp\/v2\/users\/2"}],"replies":[{"embeddable":true,"href":"https:\/\/www.radiopresidenteibanez.cl\/web\/wp-json\/wp\/v2\/comments?post=7401"}],"version-history":[{"count":0,"href":"https:\/\/www.radiopresidenteibanez.cl\/web\/wp-json\/wp\/v2\/posts\/7401\/revisions"}],"wp:featuredmedia":[{"embeddable":true,"href":"https:\/\/www.radiopresidenteibanez.cl\/web\/wp-json\/wp\/v2\/media\/7402"}],"wp:attachment":[{"href":"https:\/\/www.radiopresidenteibanez.cl\/web\/wp-json\/wp\/v2\/media?parent=7401"}],"wp:term":[{"taxonomy":"category","embeddable":true,"href":"https:\/\/www.radiopresidenteibanez.cl\/web\/wp-json\/wp\/v2\/categories?post=7401"},{"taxonomy":"post_tag","embeddable":true,"href":"https:\/\/www.radiopresidenteibanez.cl\/web\/wp-json\/wp\/v2\/tags?post=7401"}],"curies":[{"name":"wp","href":"https:\/\/api.w.org\/{rel}","templated":true}]}}