{"id":7395,"date":"2019-10-03T21:54:23","date_gmt":"2019-10-03T21:54:23","guid":{"rendered":"http:\/\/www.radiopresidenteibanez.cl\/web\/?p=7395"},"modified":"2019-10-03T21:54:29","modified_gmt":"2019-10-03T21:54:29","slug":"tras-anos-de-espera-agrupacion-de-ex-funcionarios-del-hospital-augusto-essmann-burgos-cuentan-con-terreno","status":"publish","type":"post","link":"https:\/\/www.radiopresidenteibanez.cl\/web\/tras-anos-de-espera-agrupacion-de-ex-funcionarios-del-hospital-augusto-essmann-burgos-cuentan-con-terreno\/","title":{"rendered":"TRAS A\u00d1OS DE ESPERA, AGRUPACI\u00d3N DE EX FUNCIONARIOS DEL HOSPITAL AUGUSTO ESSMANN BURGOS CUENTAN CON TERRENO"},"content":{"rendered":"\n<p>Gracias\na un trabajo coordinado entre la Gobernadora de \u00daltima Esperanza, Ana Mayorga,\ny la seremi de Bienes Nacionales, Francisca Rojas, se logr\u00f3 cumplir el sue\u00f1o de\nla Agrupaci\u00f3n de Jubilados del Servicio de Salud (exfuncionarios del Hospital\nde Natales); por fin tienen en su poder un terreno para construir su sede\nsocial, donde se realizar\u00e1n atenciones m\u00e9dicas voluntarias a los adultos mayores\nde Natales y Torres del Paine. <\/p>\n\n\n\n<p>Con\nrespecto de la concesi\u00f3n, la m\u00e1xima autoridad provincial indic\u00f3 que \u201chemos\ntrabajado, desde un inicio, con la seremi de Bienes Nacionales, ella ha estado\nmuy pendiente del territorio de nuestra provincia y gracias a eso hoy podemos\nhacer esta concesi\u00f3n a los exfuncionarios del Hospital. Ellos quieren seguir\naportando al desarrollo de Puerto Natales, a trav\u00e9s de un espacio f\u00edsico donde\nvan a poder proyectar se sede social, que va a significar, no solo un espacio\npara reunirse, sino que para entregar atenciones m\u00e9dicas voluntarias a otros\nadultos mayores, eso es muy importante destacar\u201d, dijo.<\/p>\n\n\n\n<p>Por\notra parte, la seremi de Bienes Nacionales se\u00f1al\u00f3 que \u201choy d\u00eda estamos\nentreg\u00e1ndole una concesi\u00f3n gratuita, m\u00ednima de 5 a\u00f1os, a la agrupaci\u00f3n de\nexfuncionarios del Hospital. Estoy muy contenta, ya que ha sido un trabajo que\nse ha concretado despu\u00e9s de varias audiencias, hemos conocido la labor que\nrealizan, nos contaron que no ten\u00edan un lugar para reunirse, as\u00ed que para ellas\nha sido muy importante esta gesti\u00f3n del terreno. No me cabe duda que estamos\nuna muy buena administraci\u00f3n del terreno fiscal, ya que ellos realizar\u00e1n una\nlabor para el beneficio de la comunidad\u201d.<\/p>\n\n\n\n<ul class=\"wp-block-list\"><li><strong>UNA\nNUEVA SEDE PARA EL BENEFICIO DE NUESTROS ADULTOS MAYORES<\/strong><\/li><\/ul>\n\n\n\n<p>El\nterreno concedido para la agrupaci\u00f3n se ubica justo en la parte trasera del\nnuevo Hospital de Natales (calle Javiera Carrera) y tiene un objetivo claro:\nrealizar atenciones m\u00e9dicas, de forma voluntaria y gratuita, para los adultos\nmayores que lo requieran. As\u00ed lo confirm\u00f3 la presidenta Virginia Gallardo,\nquien se mostr\u00f3 muy agradecida de las autoridades y realiz\u00f3 una especial\ndedicatoria. \u201cEsta es una gesti\u00f3n que la llevamos por varios a\u00f1os, en este\nmomento de felicidad, me gustar\u00eda reconocer a la presidenta anterior, Teresa\nPedraza, ella comenz\u00f3 con este sue\u00f1o y nosotros como dirigencia lo estamos\nculminando. Quiero agradecer a la seremi de Bienes Nacionales, a nuestra\nGobernadora Ana Mayorga, al se\u00f1or alcalde, ya que todas nuestras autoridades\nnos han apoyado, es fundamental que se preocupen por el adulto mayor. Nosotros\ntambi\u00e9n estamos empe\u00f1ados en aportar a la comunidad y cuidar de nuestros\nabuelitos\u201d, concluy\u00f3 una emocionada dirigente social.<\/p>\n\n\n\n<p>Se\nespera que, en los pr\u00f3ximos d\u00edas, un geomensor llegu\u00e9 hasta el terreno para\nestacar el lugar con el prop\u00f3sito de definir f\u00edsicamente el espacio y, por otra\nparte, los exfuncionarios avanzaran junto al municipio de Natales en el dise\u00f1o\nde la infraestructura. <\/p>\n","protected":false},"excerpt":{"rendered":"<p>Gracias a un trabajo coordinado entre la Gobernadora de \u00daltima Esperanza, Ana Mayorga, y la seremi de Bienes Nacionales, Francisca Rojas, se logr\u00f3 cumplir el sue\u00f1o de la Agrupaci\u00f3n de&#8230; <a class=\"read-more\" href=\"https:\/\/www.radiopresidenteibanez.cl\/web\/tras-anos-de-espera-agrupacion-de-ex-funcionarios-del-hospital-augusto-essmann-burgos-cuentan-con-terreno\/\">Leer m\u00e1s<\/a><\/p>\n","protected":false},"author":2,"featured_media":7396,"comment_status":"closed","ping_status":"closed","sticky":false,"template":"","format":"standard","meta":{"footnotes":""},"categories":[1],"tags":[],"class_list":["post-7395","post","type-post","status-publish","format-standard","has-post-thumbnail","hentry","category-cronica"],"_links":{"self":[{"href":"https:\/\/www.radiopresidenteibanez.cl\/web\/wp-json\/wp\/v2\/posts\/7395","targetHints":{"allow":["GET"]}}],"collection":[{"href":"https:\/\/www.radiopresidenteibanez.cl\/web\/wp-json\/wp\/v2\/posts"}],"about":[{"href":"https:\/\/www.radiopresidenteibanez.cl\/web\/wp-json\/wp\/v2\/types\/post"}],"author":[{"embeddable":true,"href":"https:\/\/www.radiopresidenteibanez.cl\/web\/wp-json\/wp\/v2\/users\/2"}],"replies":[{"embeddable":true,"href":"https:\/\/www.radiopresidenteibanez.cl\/web\/wp-json\/wp\/v2\/comments?post=7395"}],"version-history":[{"count":0,"href":"https:\/\/www.radiopresidenteibanez.cl\/web\/wp-json\/wp\/v2\/posts\/7395\/revisions"}],"wp:featuredmedia":[{"embeddable":true,"href":"https:\/\/www.radiopresidenteibanez.cl\/web\/wp-json\/wp\/v2\/media\/7396"}],"wp:attachment":[{"href":"https:\/\/www.radiopresidenteibanez.cl\/web\/wp-json\/wp\/v2\/media?parent=7395"}],"wp:term":[{"taxonomy":"category","embeddable":true,"href":"https:\/\/www.radiopresidenteibanez.cl\/web\/wp-json\/wp\/v2\/categories?post=7395"},{"taxonomy":"post_tag","embeddable":true,"href":"https:\/\/www.radiopresidenteibanez.cl\/web\/wp-json\/wp\/v2\/tags?post=7395"}],"curies":[{"name":"wp","href":"https:\/\/api.w.org\/{rel}","templated":true}]}}