{"id":7389,"date":"2019-10-03T21:50:35","date_gmt":"2019-10-03T21:50:35","guid":{"rendered":"http:\/\/www.radiopresidenteibanez.cl\/web\/?p=7389"},"modified":"2019-10-03T21:50:42","modified_gmt":"2019-10-03T21:50:42","slug":"84-mascotas-fueron-chipeadas-en-jornada-del-programa-mascota-protegida-encabezada-por-gobernadora-ana-mayorga","status":"publish","type":"post","link":"https:\/\/www.radiopresidenteibanez.cl\/web\/84-mascotas-fueron-chipeadas-en-jornada-del-programa-mascota-protegida-encabezada-por-gobernadora-ana-mayorga\/","title":{"rendered":"84 MASCOTAS FUERON CHIPEADAS EN JORNADA DEL PROGRAMA MASCOTA PROTEGIDA ENCABEZADA POR GOBERNADORA ANA MAYORGA"},"content":{"rendered":"\n<p>Con rotundo \u00e9xito se\nrealiz\u00f3 la jornada de Implantaci\u00f3n de Microchip y Registro de Mascotas, donde\nalrededor de 100 personas, acompa\u00f1ados de sus fieles animales, se dieron cita\nen la sede vecinal de Poblaci\u00f3n Kajeco de Puerto Natales con el prop\u00f3sito de regularizar\nla situaci\u00f3n de sus mascotas.<\/p>\n\n\n\n<p>La actividad, que se\nenmarc\u00f3 dentro del Programa Mascota Protegida, cont\u00f3 con la presencia de la\nGobernadora Ana Mayorga, quien comparti\u00f3 con los vecinos y asisti\u00f3 a los\nveterinarios en la instalaci\u00f3n de microchip. \u201cHoy nos encontramos en Poblaci\u00f3n\nKajeco para enfrentar la problem\u00e1tica ocasionada por los due\u00f1os que abandonan y\ndejan sus mascotas libres por las calles sin sus papeles al d\u00eda, es una\nrealidad que, tristemente, vemos d\u00eda a d\u00eda en nuestra provincia. Sin duda,\njornadas como estas refuerzan el mensaje de ser responsable con nuestras\nmascotas y me pone muy contenta ver la respuesta de la gente, pero a\u00fan queda mucho\ntrabajo por hacer en la materia\u201d, enfatiz\u00f3 la m\u00e1xima autoridad provincial.<\/p>\n\n\n\n<p>Otra de las novedades de\nla jornada fue la asistencia del Jefe Nacional del programa \u201cMascota\nProtegida\u201d, Sebasti\u00e1n Jim\u00e9nez, quien visit\u00f3 la regi\u00f3n con el objetivo de\nrealizar charlas y jornadas de regularizaci\u00f3n. Una vez finalizada la actividad,\nel ex animador de televisi\u00f3n indic\u00f3 que \u201cestamos super sorprendidos con la\nrespuesta positiva de la gente, ellos est\u00e1n muy comprometidos. Eso pudimos\nverlo en las charlas que dimos en los colegios, tanto de Natales como de Punta\nArenas, los ni\u00f1os saben mucho y est\u00e1n muy preparados en Tenencia Responsable;\nsaben de las vacunas, saben de los antiparasitarios, saben qu\u00e9 significa el\nconcepto y eso se puede ver reflejado en los adultos que participaron de las diversas\njornadas de Tenencia Responsable. Esto es un gran avance para nuestro programa\nen la provincia, pero a\u00fan queda mucho trabajo por hacer y lugares por visitar\u201d,\ndijo.<\/p>\n\n\n\n<p>Este proyecto se realiza\ngracias al financiamiento de la Subsecretar\u00eda de Desarrollo Regional (Subdere) y\nest\u00e1 enfocado en la tenencia responsable de mascotas, para eso, la Gobernaci\u00f3n\nProvincial de \u00daltima Esperanza cuenta con el apoyo de la profesional\nveterinaria, Cecilia Cris\u00f3stomo, que trabaja en la inserci\u00f3n de microchips,\nregistro y esterilizaci\u00f3n de perros y gatos.<\/p>\n\n\n\n<p>Finalmente, debido al\n\u00e9xito y la buena recepci\u00f3n de la gente con la actividad, se realizar\u00e1 una nueva\njornada de regularizaci\u00f3n este pr\u00f3ximo jueves 17 de octubre, a partir de las 18\nhoras en la Junta 41 de Poblaci\u00f3n Kajeco. <\/p>\n","protected":false},"excerpt":{"rendered":"<p>Con rotundo \u00e9xito se realiz\u00f3 la jornada de Implantaci\u00f3n de Microchip y Registro de Mascotas, donde alrededor de 100 personas, acompa\u00f1ados de sus fieles animales, se dieron cita en la&#8230; <a class=\"read-more\" href=\"https:\/\/www.radiopresidenteibanez.cl\/web\/84-mascotas-fueron-chipeadas-en-jornada-del-programa-mascota-protegida-encabezada-por-gobernadora-ana-mayorga\/\">Leer m\u00e1s<\/a><\/p>\n","protected":false},"author":2,"featured_media":7390,"comment_status":"closed","ping_status":"closed","sticky":false,"template":"","format":"standard","meta":{"footnotes":""},"categories":[1],"tags":[],"class_list":["post-7389","post","type-post","status-publish","format-standard","has-post-thumbnail","hentry","category-cronica"],"_links":{"self":[{"href":"https:\/\/www.radiopresidenteibanez.cl\/web\/wp-json\/wp\/v2\/posts\/7389","targetHints":{"allow":["GET"]}}],"collection":[{"href":"https:\/\/www.radiopresidenteibanez.cl\/web\/wp-json\/wp\/v2\/posts"}],"about":[{"href":"https:\/\/www.radiopresidenteibanez.cl\/web\/wp-json\/wp\/v2\/types\/post"}],"author":[{"embeddable":true,"href":"https:\/\/www.radiopresidenteibanez.cl\/web\/wp-json\/wp\/v2\/users\/2"}],"replies":[{"embeddable":true,"href":"https:\/\/www.radiopresidenteibanez.cl\/web\/wp-json\/wp\/v2\/comments?post=7389"}],"version-history":[{"count":0,"href":"https:\/\/www.radiopresidenteibanez.cl\/web\/wp-json\/wp\/v2\/posts\/7389\/revisions"}],"wp:featuredmedia":[{"embeddable":true,"href":"https:\/\/www.radiopresidenteibanez.cl\/web\/wp-json\/wp\/v2\/media\/7390"}],"wp:attachment":[{"href":"https:\/\/www.radiopresidenteibanez.cl\/web\/wp-json\/wp\/v2\/media?parent=7389"}],"wp:term":[{"taxonomy":"category","embeddable":true,"href":"https:\/\/www.radiopresidenteibanez.cl\/web\/wp-json\/wp\/v2\/categories?post=7389"},{"taxonomy":"post_tag","embeddable":true,"href":"https:\/\/www.radiopresidenteibanez.cl\/web\/wp-json\/wp\/v2\/tags?post=7389"}],"curies":[{"name":"wp","href":"https:\/\/api.w.org\/{rel}","templated":true}]}}