{"id":7366,"date":"2019-10-03T18:33:21","date_gmt":"2019-10-03T18:33:21","guid":{"rendered":"http:\/\/www.radiopresidenteibanez.cl\/web\/?p=7366"},"modified":"2019-10-03T18:33:27","modified_gmt":"2019-10-03T18:33:27","slug":"estudiantes-de-la-escuela-croacia-disfrutaron-de-una-interactiva-visita-a-la-iva-brigada-aerea","status":"publish","type":"post","link":"https:\/\/www.radiopresidenteibanez.cl\/web\/estudiantes-de-la-escuela-croacia-disfrutaron-de-una-interactiva-visita-a-la-iva-brigada-aerea\/","title":{"rendered":"ESTUDIANTES DE LA ESCUELA CROACIA DISFRUTARON DE UNA INTERACTIVA VISITA A LA IVa BRIGADA A\u00c9REA"},"content":{"rendered":"\n<p>M\u00e1s\nde 90 ni\u00f1os y ni\u00f1as de tercero y cuarto b\u00e1sico de la Escuela Rep\u00fablica de\nCroacia visitaron la Base A\u00e9rea \u201cChabunco\u201d de la IV<sup>a<\/sup> Brigada A\u00e9rea, viviendo\nuna experiencia de aprendizaje enriquecedora en la que pudieron interactuar con\nel material a\u00e9reo y personal institucional.<\/p>\n\n\n\n<p>Impresionados y contentos se mostraron\nlos ni\u00f1os y las ni\u00f1as, quienes tuvieron la oportunidad de subirse por primera\nvez a un helic\u00f3ptero Bell 412\ny a\nuna aeronave DHC-6 Twin Otter; conocer el\nequipamiento de los Observadores Terrestres y las labores de la Bandada M\u00e9dica\ndel Grupo de Sanidad.<\/p>\n\n\n\n<p>\u201cEs primera vez que estoy tan cerca de\nun helic\u00f3ptero y me gust\u00f3 mucho, encuentro s\u00faper genial que ayuden a las\npersonas y las puedan rescatar\u201d, expres\u00f3 Betiana Llancapane, alumna de 3\u00b0 b\u00e1sico \u201cB\u201d.<\/p>\n\n\n\n<p>Mientras que el estudiante de 4\u00b0 b\u00e1sico \u201cA\u201d, Lucas Fischer,\ndijo que \u201cnunca pens\u00e9 que iba a conocer estos aviones\u201d, destacando que \u201cme\nparece una muy buena visita, ha sido incre\u00edble, he aprendido mucho\u201d.<\/p>\n\n\n\n<p>Por su parte, la profesora Jacqueline\nOvalle agradeci\u00f3 a la IV<sup>a<\/sup> Brigada A\u00e9rea por su apertura y cercan\u00eda,\nbrindando una experiencia inolvidable a los ni\u00f1os y las ni\u00f1as que participaron en\nla actividad. \u201cHan podido tocar los equipos, subirse al helic\u00f3ptero, conversar\ny preguntar, est\u00e1n muy entusiasmados y emocionados, por lo que es una instancia\nde aprendizaje tremenda, que recordar\u00e1n para siempre\u201d, afirm\u00f3.<\/p>\n\n\n\n<p>La visita se realiz\u00f3 en el marco de un\nreconocimiento otorgado por la Corporaci\u00f3n Municipal de Punta Arenas a los\ncursos que presentaron mayores niveles de asistencia durante el primer\nsemestre, como un incentivo para los ni\u00f1os y las ni\u00f1as del establecimiento\neducacional.<\/p>\n","protected":false},"excerpt":{"rendered":"<p>M\u00e1s de 90 ni\u00f1os y ni\u00f1as de tercero y cuarto b\u00e1sico de la Escuela Rep\u00fablica de Croacia visitaron la Base A\u00e9rea \u201cChabunco\u201d de la IVa Brigada A\u00e9rea, viviendo una experiencia&#8230; <a class=\"read-more\" href=\"https:\/\/www.radiopresidenteibanez.cl\/web\/estudiantes-de-la-escuela-croacia-disfrutaron-de-una-interactiva-visita-a-la-iva-brigada-aerea\/\">Leer m\u00e1s<\/a><\/p>\n","protected":false},"author":2,"featured_media":7367,"comment_status":"closed","ping_status":"closed","sticky":false,"template":"","format":"standard","meta":{"footnotes":""},"categories":[1],"tags":[],"class_list":["post-7366","post","type-post","status-publish","format-standard","has-post-thumbnail","hentry","category-cronica"],"_links":{"self":[{"href":"https:\/\/www.radiopresidenteibanez.cl\/web\/wp-json\/wp\/v2\/posts\/7366","targetHints":{"allow":["GET"]}}],"collection":[{"href":"https:\/\/www.radiopresidenteibanez.cl\/web\/wp-json\/wp\/v2\/posts"}],"about":[{"href":"https:\/\/www.radiopresidenteibanez.cl\/web\/wp-json\/wp\/v2\/types\/post"}],"author":[{"embeddable":true,"href":"https:\/\/www.radiopresidenteibanez.cl\/web\/wp-json\/wp\/v2\/users\/2"}],"replies":[{"embeddable":true,"href":"https:\/\/www.radiopresidenteibanez.cl\/web\/wp-json\/wp\/v2\/comments?post=7366"}],"version-history":[{"count":0,"href":"https:\/\/www.radiopresidenteibanez.cl\/web\/wp-json\/wp\/v2\/posts\/7366\/revisions"}],"wp:featuredmedia":[{"embeddable":true,"href":"https:\/\/www.radiopresidenteibanez.cl\/web\/wp-json\/wp\/v2\/media\/7367"}],"wp:attachment":[{"href":"https:\/\/www.radiopresidenteibanez.cl\/web\/wp-json\/wp\/v2\/media?parent=7366"}],"wp:term":[{"taxonomy":"category","embeddable":true,"href":"https:\/\/www.radiopresidenteibanez.cl\/web\/wp-json\/wp\/v2\/categories?post=7366"},{"taxonomy":"post_tag","embeddable":true,"href":"https:\/\/www.radiopresidenteibanez.cl\/web\/wp-json\/wp\/v2\/tags?post=7366"}],"curies":[{"name":"wp","href":"https:\/\/api.w.org\/{rel}","templated":true}]}}