{"id":7334,"date":"2019-10-02T20:45:55","date_gmt":"2019-10-02T20:45:55","guid":{"rendered":"http:\/\/www.radiopresidenteibanez.cl\/web\/?p=7334"},"modified":"2019-10-02T20:46:01","modified_gmt":"2019-10-02T20:46:01","slug":"dia-del-tecnologo-medico-71-anos-de-contribucion-en-el-apoyo-clinico-y-diagnostico-de-la-salud-publica","status":"publish","type":"post","link":"https:\/\/www.radiopresidenteibanez.cl\/web\/dia-del-tecnologo-medico-71-anos-de-contribucion-en-el-apoyo-clinico-y-diagnostico-de-la-salud-publica\/","title":{"rendered":"D\u00cdA DEL TECN\u00d3LOGO M\u00c9DICO: 71 A\u00d1OS DE CONTRIBUCI\u00d3N EN EL APOYO CL\u00cdNICO Y DIAGN\u00d3STICO DE LA SALUD P\u00daBLICA"},"content":{"rendered":"\n<p>En el Hospital Cl\u00ednico\nMagallanes (HCM) realiz\u00f3 una ceremonia de celebraci\u00f3n del D\u00eda del Tecn\u00f3logo\nM\u00e9dico que en Chile se celebra cada 2 de octubre. Esta profesi\u00f3n tiene sus\nor\u00edgenes el a\u00f1o 1948, cuando la Junta Central de Beneficencia y Asistencia\nSocial, forma la Escuela T\u00e9cnica y Administraci\u00f3n Hospitalaria para colaborar\nen la investigaci\u00f3n y organizaci\u00f3n de los hospitales de nuestro pa\u00eds. En 1960\nse funda la 1\u00ba Escuela de Tecnolog\u00eda M\u00e9dica de la Universidad de Chile.<\/p>\n\n\n\n<p>&nbsp;En la actualidad,&nbsp; el&nbsp;\nHospital Cl\u00ednico de Magallanes cuenta con 44 profesionales Tecn\u00f3logos\nM\u00e9dicos, los cuales tiene&nbsp; como labor\nprincipal&nbsp; ejecutar ex\u00e1menes y\nprocedimientos para el diagn\u00f3stico cl\u00ednico y tratamiento espec\u00edfico de\npatolog\u00edas, realizados bajo est\u00e1ndares aprobados, con el fin de proporcionar\nuna atenci\u00f3n integral al paciente y la comunidad, en el \u00e1mbito de la promoci\u00f3n,\nprevenci\u00f3n y recuperaci\u00f3n de la salud.<\/p>\n\n\n\n<p>Dentro de las labores que\nrealizan est\u00e1n el an\u00e1lisis de sangre, orina y otro fluidos en el Centro de\nResponsabilidad (CR)&nbsp; de Laboratorio\nCl\u00ednico;&nbsp; Transfusi\u00f3n, plaquetoaferesis y\nseparaci\u00f3n de hemo componentes en el CR Banco de Sangre; Evaluaci\u00f3n del estado\nvisual y sus alteraciones, agudeza visual y prescripci\u00f3n de lentes en unidad\noftalmolog\u00eda; ex\u00e1menes, procedimientos y tratamiento para enfermedades que\nafectan el o\u00eddo y las v\u00edas respiratorias superiores en unidad de\nOtorrinolaringolog\u00eda; uso de radiaci\u00f3n ionizante y no ionizante para el\ndiagn\u00f3stico, procedimientos y tratamientos en CR Imagenolog\u00eda y&nbsp; unidad de Radioterapia.<\/p>\n\n\n\n<p>Adem\u00e1s, sus conocimientos\nen las ciencias de la salud son aplicados para participar y\/o desarrollar\nproyectos de investigaci\u00f3n seg\u00fan el m\u00e9todo cient\u00edfico que impacte a la\ncomunidad, considerando principios bio\u00e9ticos y de bioseguridad. <\/p>\n\n\n\n<p>Al respecto, el Director\nHCM se\u00f1al\u00f3 que \u201cquisimos reconocer a nuestros tecn\u00f3logos m\u00e9dicos que d\u00eda a d\u00eda\nest\u00e1n aportando con su profesionalismo y especializaci\u00f3n en beneficio de todos\nlos usuarios de este hospital. Ellos participan activamente en el apoyo diagn\u00f3stico;\nex\u00e1menes y procedimientos adem\u00e1s del manejo y operaci\u00f3n de todos los equipos\ncomplejos que HCM posee. Para nuestro Hospital es un orgullo poder\nreconocerlos\u201d. <\/p>\n\n\n\n<p>Una de las profesionales\nque fue aplaudida y reconocida por sus 46 a\u00f1os de servicio en HCM fue la\ntecn\u00f3loga m\u00e9dica Lilian Filipich, actual jefe de CR Laboratorio quien muy\nemocionada agreg\u00f3 que \u201cEstoy muy agradecida, no esperaba un reconocimiento de\nmis propios pares, para m\u00ed no pareciera que son m\u00e1s de 46 a\u00f1os trabajando,\nporque a\u00fan tengo muchas ganas de trabajar. Pareciera que fue ayer que entr\u00e9 a\ntrabajar, ingres\u00e9 un 25 de junio de 1973, y todav\u00eda tengo mucha pila\u201d. <\/p>\n\n\n\n<p>Finalmente, Andr\u00e9s Oval,\nPdte. Regional del Colegio de Tecn\u00f3logos M\u00e9dicos agreg\u00f3 que: \u201cEsta es una fecha\nrelevante porque se reconoce nuestro rol dentro del ciclo de atenci\u00f3n cl\u00ednica\ndonde se destaca las potencialidades de la tecnolog\u00eda m\u00e9dica en cuanto a los\nprocesos diagn\u00f3sticos y terap\u00e9uticos\u201d. <\/p>\n","protected":false},"excerpt":{"rendered":"<p>En el Hospital Cl\u00ednico Magallanes (HCM) realiz\u00f3 una ceremonia de celebraci\u00f3n del D\u00eda del Tecn\u00f3logo M\u00e9dico que en Chile se celebra cada 2 de octubre. Esta profesi\u00f3n tiene sus or\u00edgenes&#8230; <a class=\"read-more\" href=\"https:\/\/www.radiopresidenteibanez.cl\/web\/dia-del-tecnologo-medico-71-anos-de-contribucion-en-el-apoyo-clinico-y-diagnostico-de-la-salud-publica\/\">Leer m\u00e1s<\/a><\/p>\n","protected":false},"author":2,"featured_media":7335,"comment_status":"closed","ping_status":"closed","sticky":false,"template":"","format":"standard","meta":{"footnotes":""},"categories":[1],"tags":[],"class_list":["post-7334","post","type-post","status-publish","format-standard","has-post-thumbnail","hentry","category-cronica"],"_links":{"self":[{"href":"https:\/\/www.radiopresidenteibanez.cl\/web\/wp-json\/wp\/v2\/posts\/7334","targetHints":{"allow":["GET"]}}],"collection":[{"href":"https:\/\/www.radiopresidenteibanez.cl\/web\/wp-json\/wp\/v2\/posts"}],"about":[{"href":"https:\/\/www.radiopresidenteibanez.cl\/web\/wp-json\/wp\/v2\/types\/post"}],"author":[{"embeddable":true,"href":"https:\/\/www.radiopresidenteibanez.cl\/web\/wp-json\/wp\/v2\/users\/2"}],"replies":[{"embeddable":true,"href":"https:\/\/www.radiopresidenteibanez.cl\/web\/wp-json\/wp\/v2\/comments?post=7334"}],"version-history":[{"count":0,"href":"https:\/\/www.radiopresidenteibanez.cl\/web\/wp-json\/wp\/v2\/posts\/7334\/revisions"}],"wp:featuredmedia":[{"embeddable":true,"href":"https:\/\/www.radiopresidenteibanez.cl\/web\/wp-json\/wp\/v2\/media\/7335"}],"wp:attachment":[{"href":"https:\/\/www.radiopresidenteibanez.cl\/web\/wp-json\/wp\/v2\/media?parent=7334"}],"wp:term":[{"taxonomy":"category","embeddable":true,"href":"https:\/\/www.radiopresidenteibanez.cl\/web\/wp-json\/wp\/v2\/categories?post=7334"},{"taxonomy":"post_tag","embeddable":true,"href":"https:\/\/www.radiopresidenteibanez.cl\/web\/wp-json\/wp\/v2\/tags?post=7334"}],"curies":[{"name":"wp","href":"https:\/\/api.w.org\/{rel}","templated":true}]}}