{"id":7325,"date":"2019-10-02T20:29:09","date_gmt":"2019-10-02T20:29:09","guid":{"rendered":"http:\/\/www.radiopresidenteibanez.cl\/web\/?p=7325"},"modified":"2019-10-02T20:29:15","modified_gmt":"2019-10-02T20:29:15","slug":"pace-participo-en-la-vi-feria-de-beneficios-y-oportunidades-del-liceo-maria-behety-de-menendez","status":"publish","type":"post","link":"https:\/\/www.radiopresidenteibanez.cl\/web\/pace-participo-en-la-vi-feria-de-beneficios-y-oportunidades-del-liceo-maria-behety-de-menendez\/","title":{"rendered":"PACE PARTICIP\u00d3 EN LA VI FERIA DE BENEFICIOS Y OPORTUNIDADES DEL LICEO MAR\u00cdA BEHETY DE MEN\u00c9NDEZ"},"content":{"rendered":"\n<p>La VI versi\u00f3n\nde la Feria de Beneficios y Oportunidades del Liceo PACE Mar\u00eda Behety de\nMen\u00e9ndez de Punta Arenas se realiz\u00f3 el 30 de septiembre en dependencias del\nestablecimiento, la cual busca dar a conocer el gran abanico de posibilidades\nlaborales y de continuidad de estudios superiores y emprendimientos para sus\nestudiantes y los dem\u00e1s liceos de la ciudad. <\/p>\n\n\n\n<p>Contando con\nla participaci\u00f3n de 38 instituciones de todas las \u00e1reas, las cuales se\nenfocaron en informar sobre sus actividades y beneficios a los que podr\u00edan\noptar los estudiantes. <\/p>\n\n\n\n<p>Siendo el\nprograma parte de los stands de la feria, entregando informaci\u00f3n sobre los\nrequisitos y criterios de habilitaci\u00f3n, beneficios y cupos de las carreras a\nlas que pueden postular, adem\u00e1s de aclarar las dudas expuestas por los\nestudiantes, principalmente por parte de los 3eros y 4tos medios del\nestablecimiento organizador. Adem\u00e1s de entregar material propio del programa. <\/p>\n\n\n\n<p>Frente a esto,\nla Directora del establecimiento, Marcela Andrade, expres\u00f3 que \u201cla realizaci\u00f3n\nde esta feria es un tremendo avance para nuestros estudiantes, ya que van a\nsalir del liceo m\u00e1s informados y con mayores herramientas, adem\u00e1s de tener la\nalternativa con esta feria de recolectar toda la informaci\u00f3n necesaria de las\nescuelas matrices, instituciones, empresas y representantes de la educaci\u00f3n\nsuperior, por lo que estamos muy contentos\u201d. <\/p>\n\n\n\n<p>Con respecto\nal PACE sostuvo que \u201ces un tremendo beneficio que tienen nuestros alumnos que\nsalen de cuarto medio, de tener la posibilidad de ingresar a la Universidad, a\nestudios superiores en las carreras que ellos quieren, sin la necesidad de\ntener un puntaje excepcional en la PSU, lo cual es un gran beneficio para\nellos\u201d. <\/p>\n\n\n\n<p>Por su parte, la Coordinadora Ejecutiva PACE UMAG, Dra. Carmen Paz\nOval, se\u00f1al\u00f3 que \u201cla feria que organiza el Liceo Mar\u00eda Behety es una gran oportunidad para que los estudiantes accedan a la\ninformaci\u00f3n m\u00e1s relevante para su vida cotidiana y estudiantil, en el mismo\nestablecimiento. Y esta feria muestra, en gran medida, los programas y\nservicios que son parte del establecimiento y de la oferta acad\u00e9mica que\nentregan.\u201d<\/p>\n","protected":false},"excerpt":{"rendered":"<p>La VI versi\u00f3n de la Feria de Beneficios y Oportunidades del Liceo PACE Mar\u00eda Behety de Men\u00e9ndez de Punta Arenas se realiz\u00f3 el 30 de septiembre en dependencias del establecimiento,&#8230; <a class=\"read-more\" href=\"https:\/\/www.radiopresidenteibanez.cl\/web\/pace-participo-en-la-vi-feria-de-beneficios-y-oportunidades-del-liceo-maria-behety-de-menendez\/\">Leer m\u00e1s<\/a><\/p>\n","protected":false},"author":2,"featured_media":7326,"comment_status":"closed","ping_status":"closed","sticky":false,"template":"","format":"standard","meta":{"footnotes":""},"categories":[1],"tags":[],"class_list":["post-7325","post","type-post","status-publish","format-standard","has-post-thumbnail","hentry","category-cronica"],"_links":{"self":[{"href":"https:\/\/www.radiopresidenteibanez.cl\/web\/wp-json\/wp\/v2\/posts\/7325","targetHints":{"allow":["GET"]}}],"collection":[{"href":"https:\/\/www.radiopresidenteibanez.cl\/web\/wp-json\/wp\/v2\/posts"}],"about":[{"href":"https:\/\/www.radiopresidenteibanez.cl\/web\/wp-json\/wp\/v2\/types\/post"}],"author":[{"embeddable":true,"href":"https:\/\/www.radiopresidenteibanez.cl\/web\/wp-json\/wp\/v2\/users\/2"}],"replies":[{"embeddable":true,"href":"https:\/\/www.radiopresidenteibanez.cl\/web\/wp-json\/wp\/v2\/comments?post=7325"}],"version-history":[{"count":0,"href":"https:\/\/www.radiopresidenteibanez.cl\/web\/wp-json\/wp\/v2\/posts\/7325\/revisions"}],"wp:featuredmedia":[{"embeddable":true,"href":"https:\/\/www.radiopresidenteibanez.cl\/web\/wp-json\/wp\/v2\/media\/7326"}],"wp:attachment":[{"href":"https:\/\/www.radiopresidenteibanez.cl\/web\/wp-json\/wp\/v2\/media?parent=7325"}],"wp:term":[{"taxonomy":"category","embeddable":true,"href":"https:\/\/www.radiopresidenteibanez.cl\/web\/wp-json\/wp\/v2\/categories?post=7325"},{"taxonomy":"post_tag","embeddable":true,"href":"https:\/\/www.radiopresidenteibanez.cl\/web\/wp-json\/wp\/v2\/tags?post=7325"}],"curies":[{"name":"wp","href":"https:\/\/api.w.org\/{rel}","templated":true}]}}