{"id":7323,"date":"2019-10-02T20:26:07","date_gmt":"2019-10-02T20:26:07","guid":{"rendered":"http:\/\/www.radiopresidenteibanez.cl\/web\/?p=7323"},"modified":"2019-10-02T20:26:13","modified_gmt":"2019-10-02T20:26:13","slug":"corte-de-punta-arenas-envia-al-tc-recurso-de-tecnico-en-enfermeria-que-pide-devolucion-de-ahorros-previsionales","status":"publish","type":"post","link":"https:\/\/www.radiopresidenteibanez.cl\/web\/corte-de-punta-arenas-envia-al-tc-recurso-de-tecnico-en-enfermeria-que-pide-devolucion-de-ahorros-previsionales\/","title":{"rendered":"CORTE DE PUNTA ARENAS ENV\u00cdA AL TC RECURSO DE T\u00c9CNICO EN ENFERMER\u00cdA QUE PIDE DEVOLUCI\u00d3N DE AHORROS PREVISIONALES"},"content":{"rendered":"\n<p>La Corte de Apelaciones de Punta Arenas envi\u00f3 un requerimiento de inaplicabilidad al Tribunal Constitucional&nbsp; -TC- para que se pronuncie sobre la constitucionalidad del recurso de protecci\u00f3n presentado por una t\u00e9cnico en enfermer\u00eda de 60 a\u00f1os que solicita a AFP la devoluci\u00f3n de sus ahorros previsionales (causa rol 775-2019 PRO)<\/p>\n\n\n\n<p>La Primera Sala del tribunal de alzada \u2013integrada por los ministros Marcos Kusanovic, Mar\u00eda Isabel San Mart\u00edn y Marta Jimena Pinto\u2013 estim\u00f3 en forma un\u00e1nime que, antes de resolver el recurso, era indispensable presentar una consulta al Tribunal Constitucional para que \u2013en este caso en particular- determine si es aplicable el Decreto Ley 3.500, en oposici\u00f3n al derecho de propiedad garantizado por la Constituci\u00f3n.<\/p>\n\n\n\n<p>\u201c(\u2026) se formula requerimiento al Tribunal Constitucional para que establezca, si lo estima admisible, la inconstitucionalidad del Decreto Ley 3.500 especialmente sus art\u00edculos 23, 34 y 51, en cuanto los fondos de capitalizaci\u00f3n individual tienen como objeto exclusivo otorgar y administrar beneficios de este decreto ley y son parcialmente inembargables destinados exclusivamente a generar las prestaciones de pensi\u00f3n de vejez, invalidez y sobrevivencia, como tambi\u00e9n los ingresos de las administradoras de fondos de pensiones por concepto de prima o aporte de utilidades, en contravenci\u00f3n a la Constituci\u00f3n Pol\u00edtica de la Rep\u00fablica en cuanto los atributos inalienables del derecho de propiedad\u201d, sostiene el fallo.<\/p>\n\n\n\n<p>La resoluci\u00f3n establece tambi\u00e9n que el procedimiento queda suspendido hasta que el Tribunal Constitucional decida, en primer lugar, si admite o no el requerimiento de inaplicabilidad.<\/p>\n","protected":false},"excerpt":{"rendered":"<p>La Corte de Apelaciones de Punta Arenas envi\u00f3 un requerimiento de inaplicabilidad al Tribunal Constitucional&nbsp; -TC- para que se pronuncie sobre la constitucionalidad del recurso de protecci\u00f3n presentado por una&#8230; <a class=\"read-more\" href=\"https:\/\/www.radiopresidenteibanez.cl\/web\/corte-de-punta-arenas-envia-al-tc-recurso-de-tecnico-en-enfermeria-que-pide-devolucion-de-ahorros-previsionales\/\">Leer m\u00e1s<\/a><\/p>\n","protected":false},"author":2,"featured_media":136,"comment_status":"closed","ping_status":"closed","sticky":false,"template":"","format":"standard","meta":{"footnotes":""},"categories":[1],"tags":[],"class_list":["post-7323","post","type-post","status-publish","format-standard","has-post-thumbnail","hentry","category-cronica"],"_links":{"self":[{"href":"https:\/\/www.radiopresidenteibanez.cl\/web\/wp-json\/wp\/v2\/posts\/7323","targetHints":{"allow":["GET"]}}],"collection":[{"href":"https:\/\/www.radiopresidenteibanez.cl\/web\/wp-json\/wp\/v2\/posts"}],"about":[{"href":"https:\/\/www.radiopresidenteibanez.cl\/web\/wp-json\/wp\/v2\/types\/post"}],"author":[{"embeddable":true,"href":"https:\/\/www.radiopresidenteibanez.cl\/web\/wp-json\/wp\/v2\/users\/2"}],"replies":[{"embeddable":true,"href":"https:\/\/www.radiopresidenteibanez.cl\/web\/wp-json\/wp\/v2\/comments?post=7323"}],"version-history":[{"count":0,"href":"https:\/\/www.radiopresidenteibanez.cl\/web\/wp-json\/wp\/v2\/posts\/7323\/revisions"}],"wp:featuredmedia":[{"embeddable":true,"href":"https:\/\/www.radiopresidenteibanez.cl\/web\/wp-json\/wp\/v2\/media\/136"}],"wp:attachment":[{"href":"https:\/\/www.radiopresidenteibanez.cl\/web\/wp-json\/wp\/v2\/media?parent=7323"}],"wp:term":[{"taxonomy":"category","embeddable":true,"href":"https:\/\/www.radiopresidenteibanez.cl\/web\/wp-json\/wp\/v2\/categories?post=7323"},{"taxonomy":"post_tag","embeddable":true,"href":"https:\/\/www.radiopresidenteibanez.cl\/web\/wp-json\/wp\/v2\/tags?post=7323"}],"curies":[{"name":"wp","href":"https:\/\/api.w.org\/{rel}","templated":true}]}}