{"id":7321,"date":"2019-10-02T20:20:43","date_gmt":"2019-10-02T20:20:43","guid":{"rendered":"http:\/\/www.radiopresidenteibanez.cl\/web\/?p=7321"},"modified":"2019-10-02T20:20:50","modified_gmt":"2019-10-02T20:20:50","slug":"este-fin-de-semana-se-liberan-entradas-en-parques-torres-del-paine-ohiggins-y-monumento-cueva-del-milodon","status":"publish","type":"post","link":"https:\/\/www.radiopresidenteibanez.cl\/web\/este-fin-de-semana-se-liberan-entradas-en-parques-torres-del-paine-ohiggins-y-monumento-cueva-del-milodon\/","title":{"rendered":"ESTE FIN DE SEMANA SE LIBERAN ENTRADAS EN PARQUES  TORRES DEL PAINE, O\u2019HIGGINS Y MONUMENTO CUEVA DEL MILOD\u00d3N"},"content":{"rendered":"\n<p>Los Parques Torres del Paine, Bernardo O\u2019Higgins y Monumento Natural Cueva del Milod\u00f3n tendr\u00e1n acceso liberado este 5 y 6 de octubre en el contexto de la celebraci\u00f3n del D\u00eda Nacional del Medio Ambiente que se celebr\u00f3 este 2 de octubre.<\/p>\n\n\n\n<p>La iniciativa fue dada a conocer por el Seremi de Agricultura, Alfonso Roux, tras el anuncio oficial que realiz\u00f3&nbsp; el Ministro de Agricultura Antonio Walker sobre la liberaci\u00f3n del cobro de entradas&nbsp; para este fin de semana en parques nacionales.<\/p>\n\n\n\n<p>Por tanto, explic\u00f3 el Seremi, el Ministerio de Agricultura y la Corporaci\u00f3n Nacional Forestal (CONAF), decretaron que este fin de semana, s\u00e1bado 5 y domingo 6 de octubre, tendr\u00e1n ingreso gratuito a estas \u00e1reas silvestres protegidas del pa\u00eds todas las personas con nacionalidad chilena y residentes con documentaci\u00f3n al d\u00eda.&nbsp; El titular regional quiso adem\u00e1s destacar la labor de los guardaparques de CONAF en este contexto, justamente cuando el pasado 30 de septiembre celebraron su d\u00eda.<\/p>\n\n\n\n<p>\u201cHay 57 guardaparques que se mantienen en forma permanente en los parques en las \u00e1reas protegidas en la regi\u00f3n de Magallanes y ahora en la \u00e9poca estival se aumenta a&nbsp; 120 personas m\u00e1s ,es decir , en la regi\u00f3n de Magallanes con 177 guardaparques en Magallanes, realizando las labores tan importantes de protecci\u00f3n de nuestro patrimonio natural de los SNASPE por lo tanto ellos cumplen una funci\u00f3n fundamental de cuidar la biodiversidad en la regi\u00f3n de Magallanes y no solamente eso son el nexo entre el Estado y los personas, nuestros visitantes, los turista que vienen a la regi\u00f3n de Magallanes porque son quienes dentro de las \u00e1reas protegidas&nbsp; los que&nbsp; gu\u00edan para que de mejor forma puedan realizar&nbsp; sus rutas, sus campamentos y avistamiento de los bellos paisajes que tiene la regi\u00f3n de magallanes y hace ya dos a\u00f1os&nbsp; que el ministerio quiso reconocer la labor que ellos est\u00e1n realizando\u201d.<\/p>\n\n\n\n<p>En Magallanes, ya que las reservas Magallanes y Laguna Parrillar, as\u00ed como tambi\u00e9n el &nbsp;Parque Nacional Pali Aike se encontrar\u00e1n a\u00fan en su fase final de mantenci\u00f3n, &nbsp;las \u00e1reas silvestres protegidas que se encontrar\u00e1n abiertas para este fin de semana son el Parque Nacional Torres del Paine, Parque Nacional Bernardo O\u2019Higgins y el Monumento Natural Cueva del Milod\u00f3n.<\/p>\n\n\n\n<p>El director regional de CONAF,Mauricio V\u00e9jar, destac\u00f3 que \u201cestas aperturas se suman a iniciativas impulsadas por el gobierno este a\u00f1o por hacer m\u00e1s accesibles las \u00e1reas silvestres protegidas a la ciudadan\u00eda, c\u00f3mo son la gratuidad para adultos mayores y menores de hasta 11 a\u00f1os\u201d se\u00f1al\u00f3.<\/p>\n\n\n\n<p>En nuestro pa\u00eds, las \u00e1reas silvestres protegidas del Estado est\u00e1n compuestas por 41 parques nacionales, 46 reservas nacionales y 18 monumentos naturales, que en total cubren una superficie superior al 21%. Mientras que en Magallanes, la presencia de \u00e1reas silvestres protegidas representan el 60 % del territorio continental.<\/p>\n","protected":false},"excerpt":{"rendered":"<p>Los Parques Torres del Paine, Bernardo O\u2019Higgins y Monumento Natural Cueva del Milod\u00f3n tendr\u00e1n acceso liberado este 5 y 6 de octubre en el contexto de la celebraci\u00f3n del D\u00eda&#8230; <a class=\"read-more\" href=\"https:\/\/www.radiopresidenteibanez.cl\/web\/este-fin-de-semana-se-liberan-entradas-en-parques-torres-del-paine-ohiggins-y-monumento-cueva-del-milodon\/\">Leer m\u00e1s<\/a><\/p>\n","protected":false},"author":2,"featured_media":5061,"comment_status":"closed","ping_status":"closed","sticky":false,"template":"","format":"standard","meta":{"footnotes":""},"categories":[4],"tags":[],"class_list":["post-7321","post","type-post","status-publish","format-standard","has-post-thumbnail","hentry","category-entretenimiento-y-cultura"],"_links":{"self":[{"href":"https:\/\/www.radiopresidenteibanez.cl\/web\/wp-json\/wp\/v2\/posts\/7321","targetHints":{"allow":["GET"]}}],"collection":[{"href":"https:\/\/www.radiopresidenteibanez.cl\/web\/wp-json\/wp\/v2\/posts"}],"about":[{"href":"https:\/\/www.radiopresidenteibanez.cl\/web\/wp-json\/wp\/v2\/types\/post"}],"author":[{"embeddable":true,"href":"https:\/\/www.radiopresidenteibanez.cl\/web\/wp-json\/wp\/v2\/users\/2"}],"replies":[{"embeddable":true,"href":"https:\/\/www.radiopresidenteibanez.cl\/web\/wp-json\/wp\/v2\/comments?post=7321"}],"version-history":[{"count":0,"href":"https:\/\/www.radiopresidenteibanez.cl\/web\/wp-json\/wp\/v2\/posts\/7321\/revisions"}],"wp:featuredmedia":[{"embeddable":true,"href":"https:\/\/www.radiopresidenteibanez.cl\/web\/wp-json\/wp\/v2\/media\/5061"}],"wp:attachment":[{"href":"https:\/\/www.radiopresidenteibanez.cl\/web\/wp-json\/wp\/v2\/media?parent=7321"}],"wp:term":[{"taxonomy":"category","embeddable":true,"href":"https:\/\/www.radiopresidenteibanez.cl\/web\/wp-json\/wp\/v2\/categories?post=7321"},{"taxonomy":"post_tag","embeddable":true,"href":"https:\/\/www.radiopresidenteibanez.cl\/web\/wp-json\/wp\/v2\/tags?post=7321"}],"curies":[{"name":"wp","href":"https:\/\/api.w.org\/{rel}","templated":true}]}}