{"id":7318,"date":"2019-10-02T20:00:09","date_gmt":"2019-10-02T20:00:09","guid":{"rendered":"http:\/\/www.radiopresidenteibanez.cl\/web\/?p=7318"},"modified":"2019-10-02T20:00:18","modified_gmt":"2019-10-02T20:00:18","slug":"delegacion-de-magallanes-viajo-a-santiago-para-debutar-en-la-final-de-los-juegos-deportivos-escolares","status":"publish","type":"post","link":"https:\/\/www.radiopresidenteibanez.cl\/web\/delegacion-de-magallanes-viajo-a-santiago-para-debutar-en-la-final-de-los-juegos-deportivos-escolares\/","title":{"rendered":"DELEGACI\u00d3N DE MAGALLANES VIAJ\u00d3 A SANTIAGO PARA DEBUTAR EN LA FINAL DE LOS JUEGOS DEPORTIVOS ESCOLARES"},"content":{"rendered":"\n<p>La delegaci\u00f3n que representar\u00e1 a\nMagallanes en la Final Nacional de los Juegos Deportivos Escolares ya se\nencuentra en Santiago para iniciar su participaci\u00f3n en la competencia escolar\nm\u00e1s importante del pa\u00eds, la que se realizar\u00e1 en la capital nacional y en\nRancagua desde el 3 al 14 de octubre. <\/p>\n\n\n\n<p>Este mi\u00e9rcoles, los\nrepresentantes magall\u00e1nicos de balonmano, nataci\u00f3n, b\u00e1squetbol y tenis de mesa,\nviajaron rumbo a Santiago y ser\u00e1n las primeras disciplinas Sub 14 en competir\nen los Juegos Deportivos Escolares.<\/p>\n\n\n\n<p>La participaci\u00f3n de la regi\u00f3n de\nMagallanes comenzar\u00e1 a las 09:00 horas de este jueves 3 de octubre, cuando el equipo\nde b\u00e1squetbol varones enfrente a Los Lagos en el gimnasio de la Escuela\nMilitar. Luego, a las 14:00 horas, el combinado cestero de damas jugar\u00e1 ante\n\u00d1uble en la Escuela de Carabineros. <\/p>\n\n\n\n<p>En balonmano, en tanto, el primer\npartido del equipo de damas ser\u00e1 ante la Araucan\u00eda, mientras que los varones\nenfrentar\u00e1n a la regi\u00f3n de Tarapac\u00e1. Ambos encuentros est\u00e1n programados para el\nmediod\u00eda de este jueves. <\/p>\n\n\n\n<p>Adem\u00e1s, durante la jornada se\ndesarrollar\u00e1n distintas pruebas de nataci\u00f3n, las que se llevar\u00e1n a cabo en el\ncentro acu\u00e1tico del Estadio Nacional, y partidos de tenis de mesa, los que se\ndisputar\u00e1n en el gimnasio municipal de La Cisterna. <\/p>\n\n\n\n<p>Luego de este primer viaje de\ncuatro disciplinas, la regi\u00f3n de Magallanes completar\u00e1 su delegaci\u00f3n, la que\nest\u00e1 compuesta por 274 deportistas, con sus participaciones en atletismo,\nfutsal, v\u00f3leibol, judo, ajedrez y ciclismo, pruebas que est\u00e1n programadas para\nla pr\u00f3xima semana. <\/p>\n\n\n\n<p>\u201cNos pone muy felices que\nnuestros j\u00f3venes tengan la oportunidad de medirse con los mejores deportistas\nescolares del pa\u00eds. Como Ministerio del Deporte e Instituto Nacional del\nDeporte hacemos un esfuerzo muy grande para que puedan viajar a esta importante\ncompetencia y puedan tener el roce necesario que les permita continuar de la\nmejor forma con su carrera deportiva\u201d, dijo la Seremi del Deporte, Odette\nCallahan.<\/p>\n\n\n\n<p>\u201cEn 2018 ya disfrutamos, por\nejemplo, con los t\u00edtulos que trajeron los representantes del futsal masculino y\nfemenino, as\u00ed que este a\u00f1o les deseamos el mayor de los \u00e9xitos a todos los\nrepresentantes que representar\u00e1n a nuestra regi\u00f3n en los Juegos Deportivos\nEscolares\u201d, agreg\u00f3 la m\u00e1xima autoridad del deporte en Magallanes. &nbsp;<\/p>\n","protected":false},"excerpt":{"rendered":"<p>La delegaci\u00f3n que representar\u00e1 a Magallanes en la Final Nacional de los Juegos Deportivos Escolares ya se encuentra en Santiago para iniciar su participaci\u00f3n en la competencia escolar m\u00e1s importante&#8230; <a class=\"read-more\" href=\"https:\/\/www.radiopresidenteibanez.cl\/web\/delegacion-de-magallanes-viajo-a-santiago-para-debutar-en-la-final-de-los-juegos-deportivos-escolares\/\">Leer m\u00e1s<\/a><\/p>\n","protected":false},"author":2,"featured_media":7319,"comment_status":"closed","ping_status":"closed","sticky":false,"template":"","format":"standard","meta":{"footnotes":""},"categories":[1],"tags":[],"class_list":["post-7318","post","type-post","status-publish","format-standard","has-post-thumbnail","hentry","category-cronica"],"_links":{"self":[{"href":"https:\/\/www.radiopresidenteibanez.cl\/web\/wp-json\/wp\/v2\/posts\/7318","targetHints":{"allow":["GET"]}}],"collection":[{"href":"https:\/\/www.radiopresidenteibanez.cl\/web\/wp-json\/wp\/v2\/posts"}],"about":[{"href":"https:\/\/www.radiopresidenteibanez.cl\/web\/wp-json\/wp\/v2\/types\/post"}],"author":[{"embeddable":true,"href":"https:\/\/www.radiopresidenteibanez.cl\/web\/wp-json\/wp\/v2\/users\/2"}],"replies":[{"embeddable":true,"href":"https:\/\/www.radiopresidenteibanez.cl\/web\/wp-json\/wp\/v2\/comments?post=7318"}],"version-history":[{"count":0,"href":"https:\/\/www.radiopresidenteibanez.cl\/web\/wp-json\/wp\/v2\/posts\/7318\/revisions"}],"wp:featuredmedia":[{"embeddable":true,"href":"https:\/\/www.radiopresidenteibanez.cl\/web\/wp-json\/wp\/v2\/media\/7319"}],"wp:attachment":[{"href":"https:\/\/www.radiopresidenteibanez.cl\/web\/wp-json\/wp\/v2\/media?parent=7318"}],"wp:term":[{"taxonomy":"category","embeddable":true,"href":"https:\/\/www.radiopresidenteibanez.cl\/web\/wp-json\/wp\/v2\/categories?post=7318"},{"taxonomy":"post_tag","embeddable":true,"href":"https:\/\/www.radiopresidenteibanez.cl\/web\/wp-json\/wp\/v2\/tags?post=7318"}],"curies":[{"name":"wp","href":"https:\/\/api.w.org\/{rel}","templated":true}]}}