{"id":7315,"date":"2019-10-02T19:33:25","date_gmt":"2019-10-02T19:33:25","guid":{"rendered":"http:\/\/www.radiopresidenteibanez.cl\/web\/?p=7315"},"modified":"2019-10-02T19:33:32","modified_gmt":"2019-10-02T19:33:32","slug":"alcalde-fernando-paredes-solicito-una-investigacion-ante-observaciones-planteadas-por-directiva-de-la-2a-cia-de-bomberos-de-pto-natales-por-el-proyecto-de-construccion-del-cuartel","status":"publish","type":"post","link":"https:\/\/www.radiopresidenteibanez.cl\/web\/alcalde-fernando-paredes-solicito-una-investigacion-ante-observaciones-planteadas-por-directiva-de-la-2a-cia-de-bomberos-de-pto-natales-por-el-proyecto-de-construccion-del-cuartel\/","title":{"rendered":"ALCALDE FERNANDO PAREDES SOLICIT\u00d3 UNA INVESTIGACION ANTE OBSERVACIONES PLANTEADAS POR DIRECTIVA DE LA 2\u00aa CIA. DE BOMBEROS DE PTO. NATALES POR EL PROYECTO DE CONSTRUCCION DEL CUARTEL"},"content":{"rendered":"\n<p>El pasado viernes &nbsp;la comisi\u00f3n de infraestructura del Consejo\nRegional, la Municipalidad de Natales y directiva de la segunda compa\u00f1\u00eda de bomberos\nse reunieron para sostener un encuentro solicitado por los miembros de la\ninstituci\u00f3n bomberil, con el objetivo de entregar sus inquietudes sobre algunas\nobservaciones, las cuales fueron mencionadas por parte de la directiva de esta\nInstituci\u00f3n.<\/p>\n\n\n\n<p>Sobre estas observaciones, la\ndirectiva indic\u00f3 la no existencia de una sirena indicada en el proyecto. Por lo\ncual, el municipio a trav\u00e9s de su Unidad de Inspecci\u00f3n T\u00e9cnica instruy\u00f3 para\nque se verifique la situaci\u00f3n, confirmando que dicha sirena si se encontraba en\ndependencias de \u00e9ste cuartel. Ante lo cual y debido a estas diferencias, el\nAlcalde de la Comuna instruy\u00f3 la realizaci\u00f3n de un informe T\u00e9cnico que d\u00e9\ncuenta de estas observaciones y determinar las responsabilidades que surjan en\nla investigaci\u00f3n.<\/p>\n\n\n\n<p>El inicio de esta Investigaci\u00f3n,\npor parte del municipio, est\u00e1 dado \u00fanica y exclusivamente &nbsp;para esclarecer los hechos en conformidad de\nresolver y dar una respuesta satisfactoria a los beneficiarios. Al respecto el\nalcalde Paredes fue enf\u00e1tico en se\u00f1alar que sobre los recursos p\u00fablicos, estos\ndeben ser bien invertidos en pos y beneficio de la comunidad y sus\ninstituciones, \u201che solicitado se inicie una investigaci\u00f3n por esta situaci\u00f3n,\npara establecer eventuales responsabilidades. Aqu\u00ed se justific\u00f3 por parte de la\nempresa que se cumpl\u00edan con los requerimientos, y si esto, finalmente no\ncondice con lo que reclama la instituci\u00f3n, se debe responder por lo sucedido\u201d.<\/p>\n\n\n\n<p>Cabe se\u00f1alar que dicha obra que\ntuvo un costo superior a los mil millones de pesos fue construido por la\nempresa Natales Nativa durante el a\u00f1o 2017. Dicho proyecto fue gestionado por\nel municipio producto de un tr\u00e1gico incendio donde se perdi\u00f3 la totalidad\nmaterial de la compa\u00f1\u00eda, este lamentable hecho permiti\u00f3 agilizar los procesos\nde ejecuci\u00f3n de la obra, siendo inaugurada a principios del 2018. <\/p>\n\n\n\n<p>Finalmente el edil manifest\u00f3 que\nel municipio ejecuta una importante cantidad de proyectos en beneficio de la\ncomunidad, siendo de compleja posibilidad como alcalde, estar preocupado de los\ndetalles, pero que en definitiva existen las Unidades t\u00e9cnicas y una inspecci\u00f3n\nt\u00e9cnica de obra (ITO), los que deben velar por el correcto proceso de los\nproyectos y el buen uso de los recursos y sobre \u00e9sta situaci\u00f3n en particular\nreiter\u00f3 que debe esclarecerse a trav\u00e9s de una investigaci\u00f3n, con el fin de aclarar\nlas observaciones entregadas por la instituci\u00f3n bomber\u00edl y cumplir con el buen\nfuncionamiento de la obra.<\/p>\n","protected":false},"excerpt":{"rendered":"<p>El pasado viernes &nbsp;la comisi\u00f3n de infraestructura del Consejo Regional, la Municipalidad de Natales y directiva de la segunda compa\u00f1\u00eda de bomberos se reunieron para sostener un encuentro solicitado por&#8230; <a class=\"read-more\" href=\"https:\/\/www.radiopresidenteibanez.cl\/web\/alcalde-fernando-paredes-solicito-una-investigacion-ante-observaciones-planteadas-por-directiva-de-la-2a-cia-de-bomberos-de-pto-natales-por-el-proyecto-de-construccion-del-cuartel\/\">Leer m\u00e1s<\/a><\/p>\n","protected":false},"author":2,"featured_media":7316,"comment_status":"closed","ping_status":"closed","sticky":false,"template":"","format":"standard","meta":{"footnotes":""},"categories":[1],"tags":[],"class_list":["post-7315","post","type-post","status-publish","format-standard","has-post-thumbnail","hentry","category-cronica"],"_links":{"self":[{"href":"https:\/\/www.radiopresidenteibanez.cl\/web\/wp-json\/wp\/v2\/posts\/7315","targetHints":{"allow":["GET"]}}],"collection":[{"href":"https:\/\/www.radiopresidenteibanez.cl\/web\/wp-json\/wp\/v2\/posts"}],"about":[{"href":"https:\/\/www.radiopresidenteibanez.cl\/web\/wp-json\/wp\/v2\/types\/post"}],"author":[{"embeddable":true,"href":"https:\/\/www.radiopresidenteibanez.cl\/web\/wp-json\/wp\/v2\/users\/2"}],"replies":[{"embeddable":true,"href":"https:\/\/www.radiopresidenteibanez.cl\/web\/wp-json\/wp\/v2\/comments?post=7315"}],"version-history":[{"count":0,"href":"https:\/\/www.radiopresidenteibanez.cl\/web\/wp-json\/wp\/v2\/posts\/7315\/revisions"}],"wp:featuredmedia":[{"embeddable":true,"href":"https:\/\/www.radiopresidenteibanez.cl\/web\/wp-json\/wp\/v2\/media\/7316"}],"wp:attachment":[{"href":"https:\/\/www.radiopresidenteibanez.cl\/web\/wp-json\/wp\/v2\/media?parent=7315"}],"wp:term":[{"taxonomy":"category","embeddable":true,"href":"https:\/\/www.radiopresidenteibanez.cl\/web\/wp-json\/wp\/v2\/categories?post=7315"},{"taxonomy":"post_tag","embeddable":true,"href":"https:\/\/www.radiopresidenteibanez.cl\/web\/wp-json\/wp\/v2\/tags?post=7315"}],"curies":[{"name":"wp","href":"https:\/\/api.w.org\/{rel}","templated":true}]}}