{"id":7312,"date":"2019-10-02T19:27:00","date_gmt":"2019-10-02T19:27:00","guid":{"rendered":"http:\/\/www.radiopresidenteibanez.cl\/web\/?p=7312"},"modified":"2019-10-02T19:27:07","modified_gmt":"2019-10-02T19:27:07","slug":"ministro-prokurica-asegura-que-la-mineria-nuevamente-esta-generando-empleo-y-desarrollo-al-pais","status":"publish","type":"post","link":"https:\/\/www.radiopresidenteibanez.cl\/web\/ministro-prokurica-asegura-que-la-mineria-nuevamente-esta-generando-empleo-y-desarrollo-al-pais\/","title":{"rendered":"MINISTRO PROKURICA ASEGURA QUE LA MINER\u00cdA NUEVAMENTE EST\u00c1 GENERANDO EMPLEO Y DESARROLLO AL PA\u00cdS"},"content":{"rendered":"\n<p>El ministro de Miner\u00eda, Baldo\nProkurica, calific\u00f3 como una buena noticia la expansi\u00f3n de 5,3% que registr\u00f3 el\n\u00edndice minero en agosto de este a\u00f1o, siendo el mayor crecimiento desde\nnoviembre de 2018, cuando alcanz\u00f3 un 7,2%, seg\u00fan datos del Instituto Nacional\nde Estad\u00edsticas (INE).&nbsp;&nbsp;&nbsp;&nbsp;&nbsp;&nbsp; <\/p>\n\n\n\n<p>De esta manera, la miner\u00eda\nimpuls\u00f3 el crecimiento del pa\u00eds, que en el octavo mes del a\u00f1o lleg\u00f3 a 3,7%, en\ncomparaci\u00f3n con igual periodo del a\u00f1o anterior, superando las proyecciones del\nmercado. <\/p>\n\n\n\n<p>\u201cEl sector de la miner\u00eda le da\nuna buena noticia al crecimiento y al desarrollo del pa\u00eds, y en esta\noportunidad, el \u00edndice entregado por el INE es positivo y tiene una fuerte alza.\nCreemos que la miner\u00eda nuevamente est\u00e1 generando empleo, desarrollo y\noportunidades para m\u00e1s familias chilenas\u201d, se\u00f1al\u00f3 el secretario de Estado. &nbsp;&nbsp;&nbsp;<\/p>\n\n\n\n<p>El Imacec minero ha venido\nregistrando crecimientos paulatinos en los \u00faltimos tres meses: en junio alcanz\u00f3\n0,6%, julio 1,1% y el 5,3% de agosto.&nbsp; <\/p>\n\n\n\n<p><strong>Desempleo en Atacama<\/strong><\/p>\n\n\n\n<p>El ministro Prokurica se refiri\u00f3\ntambi\u00e9n a la tasa de desempleo de la Regi\u00f3n de Atacama que en el trimestre\nm\u00f3vil junio -agosto alcanz\u00f3 9%. <\/p>\n\n\n\n<p>\u201cEn virtud de las \u00faltimas cifras\ndel INE, el pa\u00eds ha bajado en la cesant\u00eda. Sin embargo, en esta zona las cifras\nhan permanecido en una condici\u00f3n que por supuesto no nos gusta. Por eso, como\nministerio hemos destinado una mayor cantidad de recursos en el PAMMA y, por\nsupuesto, hemos trabajado para canalizar los recursos que el FNDR ha dispuesto\nel Gobierno Regional para los efectos de activar de mejor manera el sector de\nla peque\u00f1a miner\u00eda que es intensivo en mano de obra y que es representativo de\nesta regi\u00f3n\u201d.<\/p>\n\n\n\n<p>Durante este a\u00f1o, el Ministerio\nde Miner\u00eda ha destinado $696 millones a trav\u00e9s del Programa de Capacitaci\u00f3n y\nTransferencia Tecnol\u00f3gica para la Peque\u00f1a Miner\u00eda Artesanal y ya se han\nentregado 240 millones del Fondo Nacional de Desarrollo Regional (FNDR).<\/p>\n\n\n\n<p>Finalmente, el secretario de\nEstado destac\u00f3 el rol de la Empresa Nacional de Miner\u00eda, ya que a pesar de la\nbaja del precio de la libra de cobre y producto de las medidas que ha adoptado\nel Presidente Pi\u00f1era, el n\u00famero de productores que le entregan a la Enami ha\naumentado 5,5% y tambi\u00e9n han aumentado las toneladas que reciben.&nbsp; <\/p>\n","protected":false},"excerpt":{"rendered":"<p>El ministro de Miner\u00eda, Baldo Prokurica, calific\u00f3 como una buena noticia la expansi\u00f3n de 5,3% que registr\u00f3 el \u00edndice minero en agosto de este a\u00f1o, siendo el mayor crecimiento desde&#8230; <a class=\"read-more\" href=\"https:\/\/www.radiopresidenteibanez.cl\/web\/ministro-prokurica-asegura-que-la-mineria-nuevamente-esta-generando-empleo-y-desarrollo-al-pais\/\">Leer m\u00e1s<\/a><\/p>\n","protected":false},"author":2,"featured_media":7313,"comment_status":"closed","ping_status":"closed","sticky":false,"template":"","format":"standard","meta":{"footnotes":""},"categories":[1],"tags":[],"class_list":["post-7312","post","type-post","status-publish","format-standard","has-post-thumbnail","hentry","category-cronica"],"_links":{"self":[{"href":"https:\/\/www.radiopresidenteibanez.cl\/web\/wp-json\/wp\/v2\/posts\/7312","targetHints":{"allow":["GET"]}}],"collection":[{"href":"https:\/\/www.radiopresidenteibanez.cl\/web\/wp-json\/wp\/v2\/posts"}],"about":[{"href":"https:\/\/www.radiopresidenteibanez.cl\/web\/wp-json\/wp\/v2\/types\/post"}],"author":[{"embeddable":true,"href":"https:\/\/www.radiopresidenteibanez.cl\/web\/wp-json\/wp\/v2\/users\/2"}],"replies":[{"embeddable":true,"href":"https:\/\/www.radiopresidenteibanez.cl\/web\/wp-json\/wp\/v2\/comments?post=7312"}],"version-history":[{"count":0,"href":"https:\/\/www.radiopresidenteibanez.cl\/web\/wp-json\/wp\/v2\/posts\/7312\/revisions"}],"wp:featuredmedia":[{"embeddable":true,"href":"https:\/\/www.radiopresidenteibanez.cl\/web\/wp-json\/wp\/v2\/media\/7313"}],"wp:attachment":[{"href":"https:\/\/www.radiopresidenteibanez.cl\/web\/wp-json\/wp\/v2\/media?parent=7312"}],"wp:term":[{"taxonomy":"category","embeddable":true,"href":"https:\/\/www.radiopresidenteibanez.cl\/web\/wp-json\/wp\/v2\/categories?post=7312"},{"taxonomy":"post_tag","embeddable":true,"href":"https:\/\/www.radiopresidenteibanez.cl\/web\/wp-json\/wp\/v2\/tags?post=7312"}],"curies":[{"name":"wp","href":"https:\/\/api.w.org\/{rel}","templated":true}]}}