{"id":7306,"date":"2019-10-01T20:14:22","date_gmt":"2019-10-01T20:14:22","guid":{"rendered":"http:\/\/www.radiopresidenteibanez.cl\/web\/?p=7306"},"modified":"2019-10-02T00:54:29","modified_gmt":"2019-10-02T00:54:29","slug":"gobierno-y-gremios-de-los-medios-de-comunicacion-avanzan-en-protocolos-para-proteger-la-libertad-de-prensa-y-seguridad-de-los-profesionales-que-cubren-manifestaciones-publicas","status":"publish","type":"post","link":"https:\/\/www.radiopresidenteibanez.cl\/web\/gobierno-y-gremios-de-los-medios-de-comunicacion-avanzan-en-protocolos-para-proteger-la-libertad-de-prensa-y-seguridad-de-los-profesionales-que-cubren-manifestaciones-publicas\/","title":{"rendered":"GOBIERNO Y GREMIOS DE LOS MEDIOS DE COMUNICACI\u00d3N AVANZAN EN PROTOCOLOS PARA PROTEGER LA LIBERTAD DE PRENSA Y SEGURIDAD DE LOS PROFESIONALES QUE CUBREN MANIFESTACIONES P\u00daBLICAS"},"content":{"rendered":"\n<p>Esta ma\u00f1ana la Vocera de\nGobierno, Cecilia P\u00e9rez, junto a la Subsecretaria de Prevenci\u00f3n del Delito,\nKatherine Martorell, se reunieron en el Palacio de La Moneda con representantes\nde la Federaci\u00f3n de Medios de Comunicaci\u00f3n Social de Chile, tras las agresiones\nque el viernes pasado sufrieron seis profesionales de la prensa que cubr\u00edan la\nmarcha por el medio ambiente que se realiz\u00f3 en Santiago.<\/p>\n\n\n\n<p>Al encuentro \u2013que se da\nluego de que el Gobierno interpusiera ayer una querella contra quienes resulten\nresponsables por los delitos de des\u00f3rdenes graves, porte de armas de fuego,\nporte de armas blancas, homicidio frustrado y lesiones graves- asistieron el\npresidente del directorio de la Asociaci\u00f3n Nacional de Televisi\u00f3n (ANATEL),\nErnesto Corona; el presidente de la Asociaci\u00f3n Nacional de la Prensa (ANP),\nJuan Jaime D\u00edaz, y el presidente de la Asociaci\u00f3n Nacional de Radiodifusores de\nChile (ARCHI), Eduardo Mart\u00ednez.<\/p>\n\n\n\n<p>La cita tuvo como objetivo\ncoordinar y avanzar en la construcci\u00f3n de protocolos de colaboraci\u00f3n que apoyen\nla seguridad de los profesionales y equipos de prensa que cubren\nmanifestaciones p\u00fablicas.<\/p>\n\n\n\n<h6 class=\"wp-block-heading\">\u201cHoy reiteramos la solidaridad del Gobierno del Presidente Pi\u00f1era con los trabajadores de la prensa libre de nuestro pa\u00eds, que se han visto enfrentados a la <strong>violencia, a la delincuencia de cobardes encapuchados que, no respetando el trabajo de personas que tienen como vocaci\u00f3n fortalecer la democracia a trav\u00e9s de la informaci\u00f3n que aportan a la ciudadan\u00eda, creen que con su violencia pueden hacer que nuestra democracia retroceda\u201d<\/strong>, explic\u00f3 la Ministra Cecilia P\u00e9rez.<\/h6>\n\n\n\n<p><strong>\u201cComo Gobierno\nno solamente hemos presentado una querella, sino que adem\u00e1s les hemos confirmado\nque estamos dispuestos a mantener la colaboraci\u00f3n con los representantes y\ngremios de los medios de comunicaci\u00f3n para establecer los protocolos necesarios\nque permitan la protecci\u00f3n de los trabajadores que tienen cumplen la misi\u00f3n de\nmantener informados a la ciudadan\u00eda\u201d<\/strong>, agreg\u00f3 la Vocera de La Moneda.<\/p>\n\n\n\n<p>Por su parte, <strong>la Subsecretaria de Prevenci\u00f3n del Delito,\nKatherine Martorell<\/strong>, detall\u00f3 que \u201chemos explicado el proceso que se est\u00e1\nrealizando, cu\u00e1l es la Fiscal\u00eda que est\u00e1 a cargo, las reuniones de coordinaci\u00f3n\ncon el OS-9 de Carabineros y que ya se est\u00e1 levantando toda informaci\u00f3n\nrelevante de los incidentes ocurridos la semana pasada\u201d.<\/p>\n\n\n\n<p>Sobre los protocolos que se\nestudia impulsar, <strong>la Subsecretaria\nMartorell <\/strong>dijo que \u201clamentablemente en los \u00faltimos meses hemos tenido ya\nseis situaciones que han afectado a profesionales de las comunicaciones, la\n\u00faltima de una gravedad nunca antes vista. Por eso las instituciones policiales\nest\u00e1n analizando los mecanismos y acciones de seguridad que permitan que estos\nhechos no vuelvan a repetirse. Esto, sin dejar ni un segundo de perseguir a los\nresponsables, porque no vamos a descansar hasta poner a estos delincuentes a\ndisposici\u00f3n de la justicia\u201d.<\/p>\n\n\n\n<h6 class=\"wp-block-heading\">En\nesta l\u00ednea, la Vocera de Gobierno\nrecalc\u00f3 que \u201cno vamos a permitir que la democracia retroceda un mil\u00edmetro por\nestos delincuentes y cobardes\u201d.<\/h6>\n\n\n\n<p><strong>Gremios valoran mesa de trabajo\ncon el Gobierno<\/strong><strong><\/strong><\/p>\n\n\n\n<p><strong>Desde la ANP, Juan Jaime D\u00edaz<\/strong>, valor\u00f3 la disposici\u00f3n del Gobierno de establecer\nesta mesa de trabajo para avanzar en medidas que protejan a los profesionales.<\/p>\n\n\n\n<p>\u201cQueremos agradecer al\nGobierno y decir que estamos tremendamente preocupados porque lo que est\u00e1\npasando hoy d\u00eda es muy grave, no s\u00f3lo por la situaci\u00f3n que sufrieron nuestros\nprofesionales, sino que tambi\u00e9n porque con esta violencia se pretende limitar\nel derecho de las personas a poder informarse de forma amplia, oportuna y\nveraz\u201d, afirm\u00f3 D\u00edaz.<\/p>\n\n\n\n<p>\u201cLe hemos pedido al\nEjecutivo que nos mantenga al tanto de esta situaci\u00f3n y que ejerzamos algunos\nprotocolos para que esto no siga avanzando. Estamos convencidos que no fue una\ncosa aislada, sino que fue una acci\u00f3n organizada y premeditada, y esperamos que\nla sociedad como un todo la rechace con fuerza\u201d, a\u00f1adi\u00f3.<\/p>\n\n\n\n<p>Por su parte, <strong>Ernesto Corona de ANATEL <\/strong>enfatiz\u00f3 que \u201caqu\u00ed la principal preocupaci\u00f3n es la\nseguridad de nuestros trabajadores, los que todos los d\u00edas salen a cumplir su\nlabor profesional en las calles, en su misi\u00f3n de informar a la sociedad\nchilena. No queremos que nuestros trabajadores corran riesgos, como lo que han\ntenido que sufrir. Por eso vamos a seguir impulsando este trabajo coordinado\ncon el Gobierno y las instituciones policiales\u201d.<\/p>\n","protected":false},"excerpt":{"rendered":"<p>Esta ma\u00f1ana la Vocera de Gobierno, Cecilia P\u00e9rez, junto a la Subsecretaria de Prevenci\u00f3n del Delito, Katherine Martorell, se reunieron en el Palacio de La Moneda con representantes de la&#8230; <a class=\"read-more\" href=\"https:\/\/www.radiopresidenteibanez.cl\/web\/gobierno-y-gremios-de-los-medios-de-comunicacion-avanzan-en-protocolos-para-proteger-la-libertad-de-prensa-y-seguridad-de-los-profesionales-que-cubren-manifestaciones-publicas\/\">Leer m\u00e1s<\/a><\/p>\n","protected":false},"author":2,"featured_media":7307,"comment_status":"closed","ping_status":"closed","sticky":false,"template":"","format":"standard","meta":{"footnotes":""},"categories":[1],"tags":[],"class_list":["post-7306","post","type-post","status-publish","format-standard","has-post-thumbnail","hentry","category-cronica"],"_links":{"self":[{"href":"https:\/\/www.radiopresidenteibanez.cl\/web\/wp-json\/wp\/v2\/posts\/7306","targetHints":{"allow":["GET"]}}],"collection":[{"href":"https:\/\/www.radiopresidenteibanez.cl\/web\/wp-json\/wp\/v2\/posts"}],"about":[{"href":"https:\/\/www.radiopresidenteibanez.cl\/web\/wp-json\/wp\/v2\/types\/post"}],"author":[{"embeddable":true,"href":"https:\/\/www.radiopresidenteibanez.cl\/web\/wp-json\/wp\/v2\/users\/2"}],"replies":[{"embeddable":true,"href":"https:\/\/www.radiopresidenteibanez.cl\/web\/wp-json\/wp\/v2\/comments?post=7306"}],"version-history":[{"count":0,"href":"https:\/\/www.radiopresidenteibanez.cl\/web\/wp-json\/wp\/v2\/posts\/7306\/revisions"}],"wp:featuredmedia":[{"embeddable":true,"href":"https:\/\/www.radiopresidenteibanez.cl\/web\/wp-json\/wp\/v2\/media\/7307"}],"wp:attachment":[{"href":"https:\/\/www.radiopresidenteibanez.cl\/web\/wp-json\/wp\/v2\/media?parent=7306"}],"wp:term":[{"taxonomy":"category","embeddable":true,"href":"https:\/\/www.radiopresidenteibanez.cl\/web\/wp-json\/wp\/v2\/categories?post=7306"},{"taxonomy":"post_tag","embeddable":true,"href":"https:\/\/www.radiopresidenteibanez.cl\/web\/wp-json\/wp\/v2\/tags?post=7306"}],"curies":[{"name":"wp","href":"https:\/\/api.w.org\/{rel}","templated":true}]}}