{"id":7301,"date":"2019-10-01T00:18:52","date_gmt":"2019-10-01T00:18:52","guid":{"rendered":"http:\/\/www.radiopresidenteibanez.cl\/web\/?p=7301"},"modified":"2019-10-01T00:18:58","modified_gmt":"2019-10-01T00:18:58","slug":"alcalde-radonich-hoy-estamos-construyendo-y-reponiendo-31-kilometros-de-nuevas-veredas-en-punta-arenas","status":"publish","type":"post","link":"https:\/\/www.radiopresidenteibanez.cl\/web\/alcalde-radonich-hoy-estamos-construyendo-y-reponiendo-31-kilometros-de-nuevas-veredas-en-punta-arenas\/","title":{"rendered":"ALCALDE RADONICH: \u201cHOY ESTAMOS CONSTRUYENDO Y REPONIENDO 31 KIL\u00d3METROS DE NUEVAS VEREDAS EN PUNTA ARENAS\u201d"},"content":{"rendered":"\n<p>Con la consigna de PUNTA ARENAS CRECE, la Municipalidad de Punta Arenas a trav\u00e9s de la Direcci\u00f3n de Obras, est\u00e1n en pleno proceso de mejoramiento urbano y vial de la ciudad.<\/p>\n\n\n\n<p>Es por esto que el alcalde Claudio Radonich, valor\u00f3 los avances de las obras de reposici\u00f3n de veredas en la ciudad. \u201cSon 31 km de veredas nuevas que estamos construyendo, y esperamos durante los pr\u00f3ximos meses aumentar la cobertura en los distintos barrios de nuestra ciudad\u201d.<\/p>\n\n\n\n<p>Dentro de los sectores que hoy est\u00e1n siendo beneficiados con este plan de renovaci\u00f3n urbana se encuentran Cecil Rasmussen, Fitz Roy, Villa Las Nieves, Independencia, el barrio croata, Prat y San Miguel, entre muchos otros.<\/p>\n\n\n\n<p>Radonich expres\u00f3 su satisfacci\u00f3n por el avance que implican para la comuna estas obras que completar\u00e1n un total de 37 kil\u00f3metros lineales de veredas durante el 2019, afirmando que \u201cpara el 2020 y por los 500 a\u00f1os, se habr\u00e1n renovado cerca de 100 kil\u00f3metros, abarcando todos los sectores de la ciudad que hoy tiene veredas en mal estado\u201d.<\/p>\n\n\n\n<p>El director de Obras, Alex Saldivia, aclar\u00f3 que las v\u00edas tienen un est\u00e1ndar de un metro 50 cent\u00edmetros de ancho, radieres de 7 cent\u00edmetros de alto y entradas vehiculares de 12 cent\u00edmetros de espesor.<\/p>\n","protected":false},"excerpt":{"rendered":"<p>Con la consigna de PUNTA ARENAS CRECE, la Municipalidad de Punta Arenas a trav\u00e9s de la Direcci\u00f3n de Obras, est\u00e1n en pleno proceso de mejoramiento urbano y vial de la&#8230; <a class=\"read-more\" href=\"https:\/\/www.radiopresidenteibanez.cl\/web\/alcalde-radonich-hoy-estamos-construyendo-y-reponiendo-31-kilometros-de-nuevas-veredas-en-punta-arenas\/\">Leer m\u00e1s<\/a><\/p>\n","protected":false},"author":2,"featured_media":7302,"comment_status":"closed","ping_status":"closed","sticky":false,"template":"","format":"standard","meta":{"footnotes":""},"categories":[1],"tags":[],"class_list":["post-7301","post","type-post","status-publish","format-standard","has-post-thumbnail","hentry","category-cronica"],"_links":{"self":[{"href":"https:\/\/www.radiopresidenteibanez.cl\/web\/wp-json\/wp\/v2\/posts\/7301","targetHints":{"allow":["GET"]}}],"collection":[{"href":"https:\/\/www.radiopresidenteibanez.cl\/web\/wp-json\/wp\/v2\/posts"}],"about":[{"href":"https:\/\/www.radiopresidenteibanez.cl\/web\/wp-json\/wp\/v2\/types\/post"}],"author":[{"embeddable":true,"href":"https:\/\/www.radiopresidenteibanez.cl\/web\/wp-json\/wp\/v2\/users\/2"}],"replies":[{"embeddable":true,"href":"https:\/\/www.radiopresidenteibanez.cl\/web\/wp-json\/wp\/v2\/comments?post=7301"}],"version-history":[{"count":0,"href":"https:\/\/www.radiopresidenteibanez.cl\/web\/wp-json\/wp\/v2\/posts\/7301\/revisions"}],"wp:featuredmedia":[{"embeddable":true,"href":"https:\/\/www.radiopresidenteibanez.cl\/web\/wp-json\/wp\/v2\/media\/7302"}],"wp:attachment":[{"href":"https:\/\/www.radiopresidenteibanez.cl\/web\/wp-json\/wp\/v2\/media?parent=7301"}],"wp:term":[{"taxonomy":"category","embeddable":true,"href":"https:\/\/www.radiopresidenteibanez.cl\/web\/wp-json\/wp\/v2\/categories?post=7301"},{"taxonomy":"post_tag","embeddable":true,"href":"https:\/\/www.radiopresidenteibanez.cl\/web\/wp-json\/wp\/v2\/tags?post=7301"}],"curies":[{"name":"wp","href":"https:\/\/api.w.org\/{rel}","templated":true}]}}