{"id":7296,"date":"2019-09-30T23:40:43","date_gmt":"2019-09-30T23:40:43","guid":{"rendered":"http:\/\/www.radiopresidenteibanez.cl\/web\/?p=7296"},"modified":"2019-09-30T23:40:48","modified_gmt":"2019-09-30T23:40:48","slug":"www-visitanatales-cl-es-la-nueva-plataforma-digital-imformativa-que-lanzo-el-municipio-de-puerto-natales-en-donde-los-visitantes-podran-buscar-informacion-antes-de-viajar","status":"publish","type":"post","link":"https:\/\/www.radiopresidenteibanez.cl\/web\/www-visitanatales-cl-es-la-nueva-plataforma-digital-imformativa-que-lanzo-el-municipio-de-puerto-natales-en-donde-los-visitantes-podran-buscar-informacion-antes-de-viajar\/","title":{"rendered":"WWW.VISITANATALES.CL ES LA NUEVA PLATAFORMA DIGITAL IMFORMATIVA QUE LANZ\u00d3 EL MUNICIPIO DE PUERTO NATALES, EN DONDE LOS VISITANTES PODR\u00c1N BUSCAR INFORMACI\u00d3N ANTES DE VIAJAR"},"content":{"rendered":"\n<p>En el marco de la celebraci\u00f3n del\nd\u00eda mundial del turismo, la Municipalidad de Natales a trav\u00e9s de su Corporaci\u00f3n\nMunicipal de Cultura Turismo y Patrimonio realiz\u00f3 el lanzamiento oficial de la\np\u00e1gina <a href=\"http:\/\/www.visitnatales.cl\">www.visitnatales.cl<\/a> que tiene\nentre otras caracter\u00edsticas y alcances la de desarrollar una promoci\u00f3n de todas\nlos servicios tur\u00edsticos que hoy se encuentran disponible en Puerto Natales.<\/p>\n\n\n\n<p>El Pueblo Artesanal Ether Aike\nfue el lugar escogido para realizar la importante ceremonia, donde participaron\ndiferentes empresas del rubro tur\u00edstico, quienes comentaron y participaron del\nproyecto, indicando que la ciudad hoy est\u00e1 m\u00e1s preparada para entregar un\nservicio de calidad hacia los visitantes.<\/p>\n\n\n\n<p>Al respecto el alcalde de Natales\nFernando Paredes Mansilla se mostr\u00f3 orgulloso por el avance que se ha realizado\nen materia de promoci\u00f3n tur\u00edstica para Puerto Natales, \u201cen un d\u00eda tan\nimportante para el desarrollo de Puerto Natales celebramos el d\u00eda mundial de turismo\ncon el lanzamiento de nuestra p\u00e1gina sobre&nbsp;\nnuestro destino de Puerto Natales y va hacer el paragua que va a reunir\na congregar todas las ofertas hoteleras, gastron\u00f3micas, artesan\u00eda, los\ndistintos circuitos que se pueden hacer. Esta p\u00e1gina tiene la particularidad\nque est\u00e1 en cuatro idiomas y la idea que todo los empresarios y los diferentes\nrubros est\u00e9n incorporados\u201d. Paredes remarc\u00f3 que ya es el momento de darse a\nconocer en todo el pa\u00eds y el mundo porque la ciudad se encuentra mucho m\u00e1s\npreparada, a trav\u00e9s de un trabajo conjunto con las diversas organizaciones y el\nmundo privado.<\/p>\n\n\n\n<p>Visita Puerto Natales, tiene como objetivo entregar la\npromoci\u00f3n del destino tur\u00edstico de la ciudad y los servicios que la componen.\nEn el proyecto&nbsp; participaron diversos empresarios,\nentre ellos, hoteleros, gastron\u00f3micos, artesanos y operadores tur\u00edsticos, con\nel objetivo com\u00fan de tener presencia en el mundo digital y los nuevos canales\nde promoci\u00f3n y venta de servicios.<\/p>\n\n\n\n<p>La nueva plataforma de informaci\u00f3n pretende acoger toda la\noferta de servicios tur\u00edsticos existentes en la provincia de \u00daltima Esperanza.,\nun espacio oficial donde los visitantes podr\u00e1n planificar su viaje a Puerto\nNatales, y ponerse en contacto con los diferentes prestadores de servicios.\nConocer la oferta tur\u00edstica, comparar precios y servicio, revisar ubicaciones\ngeogr\u00e1ficas, distancias, clima, entre otros beneficios.<\/p>\n\n\n\n<p>Tambi\u00e9n en la ceremonia y como ya es tradici\u00f3n en cada\ncelebraci\u00f3n, se entreg\u00f3 el premio al empresario tur\u00edstico destacado. Cabe\nse\u00f1alar que en el a\u00f1o 2017, la\nMunicipalidad de Natales, crea el galard\u00f3n denominado <strong>\u201cEmpresario Tur\u00edstico Destacado, Victor Alvarez Rodr\u00edguez\u201d,<\/strong> cuyo\nobjetivo es reconocer la trayectoria de personas de la comunidad de Natales,\nquienes como Empresarios o Emprendedores se han caracterizado por su aporte al\nimpulso del destino que este a\u00f1o recay\u00f3 en el joven empresario H\u00e9ctor D\u00edaz\nMu\u00f1oz, quien cre\u00f3 lo que hoy es la \u201c<strong>asociaci\u00f3n\nde gu\u00edas tur\u00edsticos de Puerto Natales\u201d, <\/strong>siendo dirigente de esta\nasociaci\u00f3n.Adem\u00e1s fuela primera persona que crea un\nproducto en la Reserva Nacional Alacalufe, actual parque Kawesqar;\ndesarrollando turismo aventura (navegaci\u00f3n y trekking por el canal de las\nmonta\u00f1as). Ha trabajado y trabaja activamente en post del desarrollo tur\u00edstico\nde Puerto Ed\u00e9n, entregando capacitaciones en turismo a los habitantes de la\nlocalidad. Trabaja de la mano con la Direcci\u00f3n de Desarrollo Local del\nMunicipio y la Corporaci\u00f3n de Turismo de la Municipalidad, aportando datos,\ninformaci\u00f3n y material audiovisual, para el progreso de Puerto Ed\u00e9n. Participa\nactivamente del NODO y de todas las iniciativas de la corporaci\u00f3n de Turismo.\nH\u00e9ctor D\u00edaz Mu\u00f1oz fue elegido por tener un sello Innovador y un trabajo activo\npara el desarrollo de la comuna y principalmente de Puerto Ed\u00e9n.<\/p>\n","protected":false},"excerpt":{"rendered":"<p>En el marco de la celebraci\u00f3n del d\u00eda mundial del turismo, la Municipalidad de Natales a trav\u00e9s de su Corporaci\u00f3n Municipal de Cultura Turismo y Patrimonio realiz\u00f3 el lanzamiento oficial&#8230; <a class=\"read-more\" href=\"https:\/\/www.radiopresidenteibanez.cl\/web\/www-visitanatales-cl-es-la-nueva-plataforma-digital-imformativa-que-lanzo-el-municipio-de-puerto-natales-en-donde-los-visitantes-podran-buscar-informacion-antes-de-viajar\/\">Leer m\u00e1s<\/a><\/p>\n","protected":false},"author":2,"featured_media":7297,"comment_status":"closed","ping_status":"closed","sticky":false,"template":"","format":"standard","meta":{"footnotes":""},"categories":[1],"tags":[],"class_list":["post-7296","post","type-post","status-publish","format-standard","has-post-thumbnail","hentry","category-cronica"],"_links":{"self":[{"href":"https:\/\/www.radiopresidenteibanez.cl\/web\/wp-json\/wp\/v2\/posts\/7296","targetHints":{"allow":["GET"]}}],"collection":[{"href":"https:\/\/www.radiopresidenteibanez.cl\/web\/wp-json\/wp\/v2\/posts"}],"about":[{"href":"https:\/\/www.radiopresidenteibanez.cl\/web\/wp-json\/wp\/v2\/types\/post"}],"author":[{"embeddable":true,"href":"https:\/\/www.radiopresidenteibanez.cl\/web\/wp-json\/wp\/v2\/users\/2"}],"replies":[{"embeddable":true,"href":"https:\/\/www.radiopresidenteibanez.cl\/web\/wp-json\/wp\/v2\/comments?post=7296"}],"version-history":[{"count":0,"href":"https:\/\/www.radiopresidenteibanez.cl\/web\/wp-json\/wp\/v2\/posts\/7296\/revisions"}],"wp:featuredmedia":[{"embeddable":true,"href":"https:\/\/www.radiopresidenteibanez.cl\/web\/wp-json\/wp\/v2\/media\/7297"}],"wp:attachment":[{"href":"https:\/\/www.radiopresidenteibanez.cl\/web\/wp-json\/wp\/v2\/media?parent=7296"}],"wp:term":[{"taxonomy":"category","embeddable":true,"href":"https:\/\/www.radiopresidenteibanez.cl\/web\/wp-json\/wp\/v2\/categories?post=7296"},{"taxonomy":"post_tag","embeddable":true,"href":"https:\/\/www.radiopresidenteibanez.cl\/web\/wp-json\/wp\/v2\/tags?post=7296"}],"curies":[{"name":"wp","href":"https:\/\/api.w.org\/{rel}","templated":true}]}}