{"id":7293,"date":"2019-09-30T23:30:25","date_gmt":"2019-09-30T23:30:25","guid":{"rendered":"http:\/\/www.radiopresidenteibanez.cl\/web\/?p=7293"},"modified":"2019-09-30T23:30:31","modified_gmt":"2019-09-30T23:30:31","slug":"dos-titulos-latinoamericanos-y-tres-peleas-amateur-trae-la-segunda-velada-boxeril-500-anos","status":"publish","type":"post","link":"https:\/\/www.radiopresidenteibanez.cl\/web\/dos-titulos-latinoamericanos-y-tres-peleas-amateur-trae-la-segunda-velada-boxeril-500-anos\/","title":{"rendered":"DOS T\u00cdTULOS LATINOAMERICANOS Y TRES PELEAS AMATEUR TRAE LA SEGUNDA VELADA BOXERIL 500 A\u00d1OS"},"content":{"rendered":"\n<p>Luego de la exitosa velada boxeril desarrollada en el mes de julio pasado, la Municipalidad de Punta Arenas a trav\u00e9s de la Fundaci\u00f3n Deportes de la ciudad, comenzaron a planificar una nueva jornada en el marco de los 500 a\u00f1os que ya se avecinan a pasos agigantados.<\/p>\n\n\n\n<p>Es as\u00ed que hace algunos d\u00edas se anunci\u00f3 un nuevo encuentro en nuestra ciudad, el que contar\u00e1 con destacados exponentes del Boxeo internacional, raz\u00f3n por la cual el alcalde Claudio Radonich valor\u00f3 el trabajo conjunto que se ha desarrollado para lograr presentar el d\u00eda 12 de octubre, dos peleas que van por el T\u00edtulo Latinoamericano tanto de la Organizaci\u00f3n Mundial de Boxeo como de la Asociaci\u00f3n Mundial del mismo deporte.<\/p>\n\n\n\n<p>\u201cNuestra ciudad ser\u00e1 capital del Boxeo Latinoamericano el pr\u00f3ximo 12 de octubre, ya que por primera vez tendremos dos peleas que competir\u00e1n por t\u00edtulos internacionales en peso s\u00faper mosca damas y varones en el gimnasio de la Confederaci\u00f3n Deportiva de nuestra ciudad a partir de las 20 horas\u201d, recalc\u00f3 Radonich.<\/p>\n\n\n\n<p>En tanto, Felipe Yutronic, encargado del \u00c1rea Deportes de la Municipalidad de Punta Arenas,&nbsp; confirm\u00f3 que a partir de hoy (Lunes 30 septiembre) ya se pueden adquirir las entradas a trav\u00e9s de&nbsp;<a href=\"http:\/\/ticketplus.cl\/\" target=\"_blank\" rel=\"noreferrer noopener\">ticketplus.cl<\/a>&nbsp;y desde el pr\u00f3ximo mi\u00e9rcoles 2 de octubre en las boleter\u00edas de la Sala Estrella.<\/p>\n\n\n\n<p>Por su parte, el concejal Germ\u00e1n Flores, uno de los principales gestores e impulsores de la organizaci\u00f3n de estos eventos deportivos, agreg\u00f3 que \u201cgarantizamos un espect\u00e1culo de primer nivel, algo nunca visto en Punta Arenas, ya que se disputar\u00e1n t\u00edtulos internacionales en nuestra ciudad\u201d.<\/p>\n\n\n\n<p>Lo valores de las entradas oscilan entre los 12 mil pesos en Tribuna General, hasta los 30 mil pesos en RingSide.<\/p>\n\n\n\n<p>Ingresa a&nbsp;<a href=\"https:\/\/ticketplus.cl\/events\/titulos-latinoamericanos-de-boxeo-500-anos\" target=\"_blank\" rel=\"noreferrer noopener\">https:\/\/ticketplus.cl\/events\/titulos-latinoamericanos-de-boxeo-500-anos<\/a>&nbsp;y obt\u00e9n la tuya.<br><\/p>\n","protected":false},"excerpt":{"rendered":"<p>Luego de la exitosa velada boxeril desarrollada en el mes de julio pasado, la Municipalidad de Punta Arenas a trav\u00e9s de la Fundaci\u00f3n Deportes de la ciudad, comenzaron a planificar&#8230; <a class=\"read-more\" href=\"https:\/\/www.radiopresidenteibanez.cl\/web\/dos-titulos-latinoamericanos-y-tres-peleas-amateur-trae-la-segunda-velada-boxeril-500-anos\/\">Leer m\u00e1s<\/a><\/p>\n","protected":false},"author":2,"featured_media":7294,"comment_status":"closed","ping_status":"closed","sticky":false,"template":"","format":"standard","meta":{"footnotes":""},"categories":[1],"tags":[],"class_list":["post-7293","post","type-post","status-publish","format-standard","has-post-thumbnail","hentry","category-cronica"],"_links":{"self":[{"href":"https:\/\/www.radiopresidenteibanez.cl\/web\/wp-json\/wp\/v2\/posts\/7293","targetHints":{"allow":["GET"]}}],"collection":[{"href":"https:\/\/www.radiopresidenteibanez.cl\/web\/wp-json\/wp\/v2\/posts"}],"about":[{"href":"https:\/\/www.radiopresidenteibanez.cl\/web\/wp-json\/wp\/v2\/types\/post"}],"author":[{"embeddable":true,"href":"https:\/\/www.radiopresidenteibanez.cl\/web\/wp-json\/wp\/v2\/users\/2"}],"replies":[{"embeddable":true,"href":"https:\/\/www.radiopresidenteibanez.cl\/web\/wp-json\/wp\/v2\/comments?post=7293"}],"version-history":[{"count":0,"href":"https:\/\/www.radiopresidenteibanez.cl\/web\/wp-json\/wp\/v2\/posts\/7293\/revisions"}],"wp:featuredmedia":[{"embeddable":true,"href":"https:\/\/www.radiopresidenteibanez.cl\/web\/wp-json\/wp\/v2\/media\/7294"}],"wp:attachment":[{"href":"https:\/\/www.radiopresidenteibanez.cl\/web\/wp-json\/wp\/v2\/media?parent=7293"}],"wp:term":[{"taxonomy":"category","embeddable":true,"href":"https:\/\/www.radiopresidenteibanez.cl\/web\/wp-json\/wp\/v2\/categories?post=7293"},{"taxonomy":"post_tag","embeddable":true,"href":"https:\/\/www.radiopresidenteibanez.cl\/web\/wp-json\/wp\/v2\/tags?post=7293"}],"curies":[{"name":"wp","href":"https:\/\/api.w.org\/{rel}","templated":true}]}}