{"id":7289,"date":"2019-09-30T16:24:50","date_gmt":"2019-09-30T16:24:50","guid":{"rendered":"http:\/\/www.radiopresidenteibanez.cl\/web\/?p=7289"},"modified":"2019-09-30T16:24:56","modified_gmt":"2019-09-30T16:24:56","slug":"multan-a-dos-empresas-en-magallanes-por-no-respetar-feriado-irrenunciable-en-fiestas-patrias","status":"publish","type":"post","link":"https:\/\/www.radiopresidenteibanez.cl\/web\/multan-a-dos-empresas-en-magallanes-por-no-respetar-feriado-irrenunciable-en-fiestas-patrias\/","title":{"rendered":"MULTAN A DOS EMPRESAS EN MAGALLANES POR NO RESPETAR FERIADO IRRENUNCIABLE EN FIESTAS PATRIAS"},"content":{"rendered":"\n<p>Como todos los\na\u00f1os en \u00e9poca de Fiestas Patrias, la Direcci\u00f3n regional del Trabajo, realiza un\nexhaustivo recorrido por la regi\u00f3n fiscalizando el cumplimiento del descanso\nobligatorio que le corresponde a los trabajadores del Comercio durante el\nFeriado Irrenunciable de los d\u00edas 18 y 19 de septiembre.<\/p>\n\n\n\n<p>Este a\u00f1o no fue\nla excepci\u00f3n, por lo que, tras visitas aleatorias a locales comerciales en\ndiferentes comunas de la regi\u00f3n, dos empresas en la zona fueron sancionadas con\nmulta por no respetar este feriado.<\/p>\n\n\n\n<p>Seg\u00fan inform\u00f3\nla Seremi del Trabajo, Victoria Cort\u00e9s Schiattino, \u201ctras solicitar los\nresultados de las fiscalizaciones realizadas por la Direcci\u00f3n del Trabajo,\nefectivamente, hubo dos empresas en la regi\u00f3n \u2013una en Punta Arenas y otra en\nPuerto Natales- que, lamentablemente, no cumplieron con el descanso obligatorio\nque por derecho tienen los trabajadores de este rubro, por lo que resultaron\ncon multas por casi un mill\u00f3n de pesos\u201d.<\/p>\n\n\n\n<p>A su vez, la\nautoridad laboral inform\u00f3 que, durante el proceso, se decret\u00f3 la suspensi\u00f3n de\ntres trabajadores, dos correspondientes a la empresa fiscalizada en Punta\nArenas, y un tercero en Puerto Natales.<\/p>\n\n\n\n<p>Ante esto,\nCort\u00e9s agreg\u00f3 que \u201ces una informaci\u00f3n que lamentamos, puesto que, durante los\n\u00faltimos a\u00f1os, hab\u00edamos tenido un muy buen comportamiento de los empleadores en\nla zona, en lo que respecta a este feriado de Fiestas Patrias. Por lo mismo,\nnuestra misi\u00f3n y el mandato de nuestro Presidente Sebasti\u00e1n Pi\u00f1era, es hacer un\nllamado a las empresas a respetar este feriado y otorgar todas las condiciones\nque mandata la ley para cumplirlo\u201d. <\/p>\n\n\n\n<p>\u201cDe todas\nmaneras, sabemos que la mayor\u00eda de los empresarios magall\u00e1nicos cumple a\ncabalidad con este descanso obligatorio. Aun as\u00ed, tal como ha dicho el\nsubsecretario Fernando Arab, mientras haya una infracci\u00f3n tenemos que seguir en\nnuestros esfuerzos por el cumplimiento de la ley, reforzando la tarea con m\u00e1s\nfiscalizaciones\u201d, zanj\u00f3 la Seremi.<\/p>\n\n\n\n<p>Tal como hab\u00eda\nse\u00f1alado el director del Trabajo (s), Ren\u00e9 Z\u00fa\u00f1iga, previo a las\nfiscalizaciones, el a\u00f1o 2018 en Magallanes la Direcci\u00f3n regional del Trabajo no\ncurs\u00f3 multas por este feriado de 18 y 19 de septiembre, situaci\u00f3n que no se\nrepiti\u00f3 este a\u00f1o.<\/p>\n\n\n\n<p>A nivel\nnacional, las autoridades informaron que las fiscalizaciones realizadas en cada\nuna de las regiones del pa\u00eds culminaron con un total nacional de 59 empresas\nmultadas por no respetar el descanso obligatorio, lo que se tradujo en la\naplicaci\u00f3n de sanciones por un total de m\u00e1s de 60 millones de pesos y un n\u00famero\nde 116 trabajadores suspendidos de turnos que no deb\u00edan estar realizando.<\/p>\n\n\n\n<p>Las\nfiscalizaciones realizadas por la DT se llevaron a cabo mediante dos v\u00edas: en\nrespuesta a denuncias ingresadas desde el 17 de septiembre en banner del sitio\ndel servicio, <a href=\"http:\/\/www.direcciondeltrabajo.cl\">www.direcciondeltrabajo.cl<\/a> y en\nrecorridos planificados efectuados durante los d\u00edas 18 y 19 de septiembre en la\ndiferentes regiones del pa\u00eds.<\/p>\n","protected":false},"excerpt":{"rendered":"<p>Como todos los a\u00f1os en \u00e9poca de Fiestas Patrias, la Direcci\u00f3n regional del Trabajo, realiza un exhaustivo recorrido por la regi\u00f3n fiscalizando el cumplimiento del descanso obligatorio que le corresponde&#8230; <a class=\"read-more\" href=\"https:\/\/www.radiopresidenteibanez.cl\/web\/multan-a-dos-empresas-en-magallanes-por-no-respetar-feriado-irrenunciable-en-fiestas-patrias\/\">Leer m\u00e1s<\/a><\/p>\n","protected":false},"author":2,"featured_media":7290,"comment_status":"closed","ping_status":"closed","sticky":false,"template":"","format":"standard","meta":{"footnotes":""},"categories":[1],"tags":[],"class_list":["post-7289","post","type-post","status-publish","format-standard","has-post-thumbnail","hentry","category-cronica"],"_links":{"self":[{"href":"https:\/\/www.radiopresidenteibanez.cl\/web\/wp-json\/wp\/v2\/posts\/7289","targetHints":{"allow":["GET"]}}],"collection":[{"href":"https:\/\/www.radiopresidenteibanez.cl\/web\/wp-json\/wp\/v2\/posts"}],"about":[{"href":"https:\/\/www.radiopresidenteibanez.cl\/web\/wp-json\/wp\/v2\/types\/post"}],"author":[{"embeddable":true,"href":"https:\/\/www.radiopresidenteibanez.cl\/web\/wp-json\/wp\/v2\/users\/2"}],"replies":[{"embeddable":true,"href":"https:\/\/www.radiopresidenteibanez.cl\/web\/wp-json\/wp\/v2\/comments?post=7289"}],"version-history":[{"count":0,"href":"https:\/\/www.radiopresidenteibanez.cl\/web\/wp-json\/wp\/v2\/posts\/7289\/revisions"}],"wp:featuredmedia":[{"embeddable":true,"href":"https:\/\/www.radiopresidenteibanez.cl\/web\/wp-json\/wp\/v2\/media\/7290"}],"wp:attachment":[{"href":"https:\/\/www.radiopresidenteibanez.cl\/web\/wp-json\/wp\/v2\/media?parent=7289"}],"wp:term":[{"taxonomy":"category","embeddable":true,"href":"https:\/\/www.radiopresidenteibanez.cl\/web\/wp-json\/wp\/v2\/categories?post=7289"},{"taxonomy":"post_tag","embeddable":true,"href":"https:\/\/www.radiopresidenteibanez.cl\/web\/wp-json\/wp\/v2\/tags?post=7289"}],"curies":[{"name":"wp","href":"https:\/\/api.w.org\/{rel}","templated":true}]}}