{"id":7287,"date":"2019-09-30T16:19:29","date_gmt":"2019-09-30T16:19:29","guid":{"rendered":"http:\/\/www.radiopresidenteibanez.cl\/web\/?p=7287"},"modified":"2019-09-30T16:19:35","modified_gmt":"2019-09-30T16:19:35","slug":"diputada-amar-realiza-gestiones-para-atraer-especialistas-a-magallanes","status":"publish","type":"post","link":"https:\/\/www.radiopresidenteibanez.cl\/web\/diputada-amar-realiza-gestiones-para-atraer-especialistas-a-magallanes\/","title":{"rendered":"DIPUTADA AMAR REALIZA GESTIONES PARA ATRAER ESPECIALISTAS A MAGALLANES"},"content":{"rendered":"\n<p>Hace algunos d\u00edas el Director del Servicio de Salud de Magallanes, Nelson Reyes, se refiri\u00f3 a la compleja situaci\u00f3n que se vive en general en la regi\u00f3n producto de la falta especialistas, situaci\u00f3n que se ha reflejado en mayor medida en el Hospital Augusto Essmann de Puerto Natales. Al respecto, el director se\u00f1al\u00f3 que \u201ctenemos horas para poder contratar, pero no se han presentado especialistas interesados\u201d.<\/p>\n\n\n\n<p>Lo anterior fue advertido y comunicado en diversas instancias por la diputada, Sandra Amar, al Subsecretario de Redes Asistenciales, Arturo Z\u00fa\u00f1iga.<\/p>\n\n\n\n<p>Considerando esto, la parlamentaria gremialista adem\u00e1s solicit\u00f3 mediante oficio, hacer uso del decreto N\u00b0507, que \u201cAprueba Reglamento de Becarios de la Ley N\u00b015.076, en el Sistema Nacional de Servicios de Salud\u201d.<\/p>\n\n\n\n<p>Referente a esta gesti\u00f3n, la diputada Amar se\u00f1al\u00f3 que \u201ccon el fin de atraer especialistas, pedimos al Subsecretario de Redes Asistenciales que quienes vengan a la regi\u00f3n, puedan hacerlo por un menor tiempo del que normalmente se les solicita. El traslado de especialistas hacia zonas extremas a muchos les resulta complicado, no solo porque la mayor\u00eda debe trasladarse con toda la familia, sino que tambi\u00e9n al considerar la cantidad de a\u00f1os que deben permanecer en la regi\u00f3n que, normalmente son seis\u201d.<\/p>\n\n\n\n<p>Cabe se\u00f1alar que el decreto N\u00b0507 establece que \u201cexcepcionalmente, para las zonas geogr\u00e1ficas o niveles de atenci\u00f3n donde exista una especial necesidad de especialistas, la Susbecretar\u00eda de Redes Asistenciales, en el mismo acto que aprueba las bases de selecci\u00f3n del concurso para el otorgamiento de las becas, podr\u00e1 definir un periodo de devoluci\u00f3n asistencial menor (\u2026)\u201d.<\/p>\n\n\n\n<p>Sandra Amar reiter\u00f3 su preocupaci\u00f3n por esta carencia y anunci\u00f3 que, adem\u00e1s, junto a su equipo jur\u00eddico, se encuentran estudiando la realizaci\u00f3n de otras gestiones que permitir\u00edan atraer especialistas a la regi\u00f3n.&nbsp;&nbsp;&nbsp;&nbsp;<\/p>\n","protected":false},"excerpt":{"rendered":"<p>Hace algunos d\u00edas el Director del Servicio de Salud de Magallanes, Nelson Reyes, se refiri\u00f3 a la compleja situaci\u00f3n que se vive en general en la regi\u00f3n producto de la&#8230; <a class=\"read-more\" href=\"https:\/\/www.radiopresidenteibanez.cl\/web\/diputada-amar-realiza-gestiones-para-atraer-especialistas-a-magallanes\/\">Leer m\u00e1s<\/a><\/p>\n","protected":false},"author":2,"featured_media":3008,"comment_status":"closed","ping_status":"closed","sticky":false,"template":"","format":"standard","meta":{"footnotes":""},"categories":[1],"tags":[],"class_list":["post-7287","post","type-post","status-publish","format-standard","has-post-thumbnail","hentry","category-cronica"],"_links":{"self":[{"href":"https:\/\/www.radiopresidenteibanez.cl\/web\/wp-json\/wp\/v2\/posts\/7287","targetHints":{"allow":["GET"]}}],"collection":[{"href":"https:\/\/www.radiopresidenteibanez.cl\/web\/wp-json\/wp\/v2\/posts"}],"about":[{"href":"https:\/\/www.radiopresidenteibanez.cl\/web\/wp-json\/wp\/v2\/types\/post"}],"author":[{"embeddable":true,"href":"https:\/\/www.radiopresidenteibanez.cl\/web\/wp-json\/wp\/v2\/users\/2"}],"replies":[{"embeddable":true,"href":"https:\/\/www.radiopresidenteibanez.cl\/web\/wp-json\/wp\/v2\/comments?post=7287"}],"version-history":[{"count":0,"href":"https:\/\/www.radiopresidenteibanez.cl\/web\/wp-json\/wp\/v2\/posts\/7287\/revisions"}],"wp:featuredmedia":[{"embeddable":true,"href":"https:\/\/www.radiopresidenteibanez.cl\/web\/wp-json\/wp\/v2\/media\/3008"}],"wp:attachment":[{"href":"https:\/\/www.radiopresidenteibanez.cl\/web\/wp-json\/wp\/v2\/media?parent=7287"}],"wp:term":[{"taxonomy":"category","embeddable":true,"href":"https:\/\/www.radiopresidenteibanez.cl\/web\/wp-json\/wp\/v2\/categories?post=7287"},{"taxonomy":"post_tag","embeddable":true,"href":"https:\/\/www.radiopresidenteibanez.cl\/web\/wp-json\/wp\/v2\/tags?post=7287"}],"curies":[{"name":"wp","href":"https:\/\/api.w.org\/{rel}","templated":true}]}}