{"id":7266,"date":"2019-09-28T19:40:16","date_gmt":"2019-09-28T19:40:16","guid":{"rendered":"http:\/\/www.radiopresidenteibanez.cl\/web\/?p=7266"},"modified":"2019-09-28T19:40:22","modified_gmt":"2019-09-28T19:40:22","slug":"sernatur-magallanes-celebra-con-todo-el-dia-mundial-del-turismo","status":"publish","type":"post","link":"https:\/\/www.radiopresidenteibanez.cl\/web\/sernatur-magallanes-celebra-con-todo-el-dia-mundial-del-turismo\/","title":{"rendered":"SERNATUR MAGALLANES CELEBRA CON TODO EL D\u00cdA MUNDIAL DEL TURISMO"},"content":{"rendered":"\n<p>Un ovejero y un guanaco de 4 metros recorrieron\nesta ma\u00f1ana el centro de Punta Arenas, invitando a la comunidad a\ncelebrar el D\u00eda Mundial del Turismo.<\/p>\n\n\n\n<p>Desde temprano en Plaza de Armas comenz\u00f3 a sonar la\nm\u00fasica folcl\u00f3rica magall\u00e1nica a cargo del int\u00e9rprete regional, Esteban\n\u00abChepo\u00bb Sep\u00falveda. Su guitarra alegr\u00f3 la primera parada de un grupo\nde la tercera edad en su viaje por la regi\u00f3n, como parte de los programas de\nturismo social que fomenta Sernatur.<\/p>\n\n\n\n<p>Posteriormente, la Directora Regional de Sernatur,\nXimena Castro Rojas salud\u00f3 a los primeros asistentes de la jornada. La\nautoridad se\u00f1al\u00f3: \u00abEl turismo se toma la ciudad, pues es una actividad que\nnos llena de alegr\u00eda como magall\u00e1nicos. Hoy, en nuestra regi\u00f3n es posible\ndesarrollar un turismo responsable y consciente; promoviendo y protegiendo a la\nvez a la hermosa Patagonia Chilena\u201d.<\/p>\n\n\n\n<p>La jornada continu\u00f3 con entretenidos concursos y\ntrivias para el p\u00fablico, para luego dar paso al carnaval de la compa\u00f1\u00eda de\nteatro Los Viajantes. Al comp\u00e1s de \u201cEl Candombe del Negro Jos\u00e9\u201d y otras piezas\ndel cancionero patag\u00f3nico, marionetas gigantes maravillaron a los transe\u00fantes\nde la principal plaza de la ciudad. <\/p>\n\n\n\n<p>Grupos de ni\u00f1os y p\u00fablico que se uni\u00f3 a la\ncelebraci\u00f3n, disfrutaron de visitas guiadas por el casco hist\u00f3rico de la ciudad\ny su circuito ant\u00e1rtico, organizadas junto a la Ilustre Municipalidad de Punta\nArenas. Para agregar a\u00fan m\u00e1s alegr\u00eda y juventud, el team de cheerleaders\n\u201cMilodones\u201d, deslumbr\u00f3 con elaboradas coreograf\u00edas y piruetas. <\/p>\n\n\n\n<p>El cierre del D\u00eda Mundial del Turismo se llevar\u00e1 a\ncabo hoy en una velada en el Hotel Dreams. En ella, se repasar\u00e1n los\nprincipales logros del Programa de Consolidaci\u00f3n y Nuevos Destinos Tur\u00edsticos\nde la Patagonia. Durante sus cuatro a\u00f1os de ejecuci\u00f3n esta iniciativa consolid\u00f3\nla presencia de la regi\u00f3n en 19 pa\u00edses de todo el\nmundo, a trav\u00e9s del trabajo sostenido con m\u00e1s de 6.000 tour operadores y medios\nde comunicaci\u00f3n. Asimismo, se desarroll\u00f3 una nueva estrategia digital y\ncomunicacional, adem\u00e1s de brindar apoyo a todas las municipalidades de la\nregi\u00f3n para fomentar el turismo, tanto en invierno como en verano.<\/p>\n\n\n\n<p>Como corolario a estas\nactividades, Sernatur\nha organizado una limpieza del borde costero, programada para este s\u00e1bado entre\nlas 10:00 y 13:00 hrs. La iniciativa responde al inter\u00e9s de Sernatur por\npromover y cuidar el patrimonio natural de Magallanes, sin duda uno de los\ndestinos m\u00e1s apetecidos para el turismo mundial.<\/p>\n","protected":false},"excerpt":{"rendered":"<p>Un ovejero y un guanaco de 4 metros recorrieron esta ma\u00f1ana el centro de Punta Arenas, invitando a la comunidad a celebrar el D\u00eda Mundial del Turismo. Desde temprano en&#8230; <a class=\"read-more\" href=\"https:\/\/www.radiopresidenteibanez.cl\/web\/sernatur-magallanes-celebra-con-todo-el-dia-mundial-del-turismo\/\">Leer m\u00e1s<\/a><\/p>\n","protected":false},"author":2,"featured_media":7267,"comment_status":"closed","ping_status":"closed","sticky":false,"template":"","format":"standard","meta":{"footnotes":""},"categories":[1],"tags":[],"class_list":["post-7266","post","type-post","status-publish","format-standard","has-post-thumbnail","hentry","category-cronica"],"_links":{"self":[{"href":"https:\/\/www.radiopresidenteibanez.cl\/web\/wp-json\/wp\/v2\/posts\/7266","targetHints":{"allow":["GET"]}}],"collection":[{"href":"https:\/\/www.radiopresidenteibanez.cl\/web\/wp-json\/wp\/v2\/posts"}],"about":[{"href":"https:\/\/www.radiopresidenteibanez.cl\/web\/wp-json\/wp\/v2\/types\/post"}],"author":[{"embeddable":true,"href":"https:\/\/www.radiopresidenteibanez.cl\/web\/wp-json\/wp\/v2\/users\/2"}],"replies":[{"embeddable":true,"href":"https:\/\/www.radiopresidenteibanez.cl\/web\/wp-json\/wp\/v2\/comments?post=7266"}],"version-history":[{"count":0,"href":"https:\/\/www.radiopresidenteibanez.cl\/web\/wp-json\/wp\/v2\/posts\/7266\/revisions"}],"wp:featuredmedia":[{"embeddable":true,"href":"https:\/\/www.radiopresidenteibanez.cl\/web\/wp-json\/wp\/v2\/media\/7267"}],"wp:attachment":[{"href":"https:\/\/www.radiopresidenteibanez.cl\/web\/wp-json\/wp\/v2\/media?parent=7266"}],"wp:term":[{"taxonomy":"category","embeddable":true,"href":"https:\/\/www.radiopresidenteibanez.cl\/web\/wp-json\/wp\/v2\/categories?post=7266"},{"taxonomy":"post_tag","embeddable":true,"href":"https:\/\/www.radiopresidenteibanez.cl\/web\/wp-json\/wp\/v2\/tags?post=7266"}],"curies":[{"name":"wp","href":"https:\/\/api.w.org\/{rel}","templated":true}]}}