{"id":7263,"date":"2019-09-28T19:35:54","date_gmt":"2019-09-28T19:35:54","guid":{"rendered":"http:\/\/www.radiopresidenteibanez.cl\/web\/?p=7263"},"modified":"2019-09-28T19:35:59","modified_gmt":"2019-09-28T19:35:59","slug":"elige-vivir-sano-lanza-campana-ponte-las-zapatillas-para-promover-la-actividad-fisica-desde-el-trabajo","status":"publish","type":"post","link":"https:\/\/www.radiopresidenteibanez.cl\/web\/elige-vivir-sano-lanza-campana-ponte-las-zapatillas-para-promover-la-actividad-fisica-desde-el-trabajo\/","title":{"rendered":"ELIGE VIVIR SANO LANZA CAMPA\u00d1A PONTE LAS ZAPATILLAS PARA PROMOVER LA ACTIVIDAD F\u00cdSICA DESDE EL TRABAJO"},"content":{"rendered":"\n<p>La&nbsp;Seremi de Desarrollo Social y Familia, Liz Casanueva M\u00e9ndez, encabez\u00f3 el lanzamiento de la campa\u00f1a Ponte las Zapatillas, que busca estimular la actividad f\u00edsica a trav\u00e9s de acciones cotidianas. En esta oportunidad llegaron hasta el bandejon central de la Plaza Derechos Humanos diversos seremis, directores de servicios y funcionarios de distintas reparticiones p\u00fablicas, para hacer una pausa activa bailando, con el fin de que se entretengan, aumenten su gasto de energ\u00eda y liberen tensiones.<\/p>\n\n\n\n<p>Todos los viernes con zapatillas. Esa es la medida que se est\u00e1 incentivando para los funcionarios p\u00fablicos a trav\u00e9s del Elige Vivir Sano, pr\u00e1ctica saludable que busca estimular la actividad f\u00edsica en acciones cotidianas como caminar m\u00e1s para llegar al trabajo, dejar a los ni\u00f1os en la escuela, hacer las compras o subir escaleras caminando.<\/p>\n\n\n\n<p>\u201cQueremos que los funcionarios p\u00fablicos hagan actividad f\u00edsica, sabemos que muchos de ellos est\u00e1n sentados realizando muchas labores administrativas, por eso queremos que se muevan un poco, para mejorar el cardio y adem\u00e1s instalar que los d\u00edas viernes donde el servicio civil entreg\u00f3 la instrucci\u00f3n de que est\u00e1 autorizado el uso de zapatillas\u201d, se\u00f1al\u00f3 la Seremi de Desarrollo Social y Familia, Liz Casanueva M\u00e9ndez.<\/p>\n\n\n\n<p>Son 294 reparticiones p\u00fablicas que est\u00e1n autorizadas por el Servicio Civil para sumarse a esta campa\u00f1a, pero el llamado es que adem\u00e1s de los organismos del Estado, el sector privado pueda unirse tambi\u00e9n y as\u00ed fomentar la actividad f\u00edsica de forma c\u00f3moda&nbsp; en la rutina diaria.&nbsp;Una forma simple de atacar el sedentarismo es que la poblaci\u00f3n camine m\u00e1s, las gu\u00edas alimentarias recomiendan, al menos, 30 minutos de caminata a paso r\u00e1pido.<\/p>\n\n\n\n<p>Muchas veces creemos que hacer actividad f\u00edsica es solo realizar alg\u00fan deporte o meternos al gimnasio, pero no nos damos cuenta que el solo hecho de caminar trae importantes beneficios para nuestro cuerpo y bienestar.<\/p>\n\n\n\n<p>Para la Organizaci\u00f3n Mundial de la Salud, realizar 150 minutos semanales de una caminata de intensidad moderada o 75 minutos de caminata vigorosa, aumenta la actividad f\u00edsica y se obtienen beneficios para la salud.<\/p>\n","protected":false},"excerpt":{"rendered":"<p>La&nbsp;Seremi de Desarrollo Social y Familia, Liz Casanueva M\u00e9ndez, encabez\u00f3 el lanzamiento de la campa\u00f1a Ponte las Zapatillas, que busca estimular la actividad f\u00edsica a trav\u00e9s de acciones cotidianas. En&#8230; <a class=\"read-more\" href=\"https:\/\/www.radiopresidenteibanez.cl\/web\/elige-vivir-sano-lanza-campana-ponte-las-zapatillas-para-promover-la-actividad-fisica-desde-el-trabajo\/\">Leer m\u00e1s<\/a><\/p>\n","protected":false},"author":2,"featured_media":7264,"comment_status":"closed","ping_status":"closed","sticky":false,"template":"","format":"standard","meta":{"footnotes":""},"categories":[1],"tags":[],"class_list":["post-7263","post","type-post","status-publish","format-standard","has-post-thumbnail","hentry","category-cronica"],"_links":{"self":[{"href":"https:\/\/www.radiopresidenteibanez.cl\/web\/wp-json\/wp\/v2\/posts\/7263","targetHints":{"allow":["GET"]}}],"collection":[{"href":"https:\/\/www.radiopresidenteibanez.cl\/web\/wp-json\/wp\/v2\/posts"}],"about":[{"href":"https:\/\/www.radiopresidenteibanez.cl\/web\/wp-json\/wp\/v2\/types\/post"}],"author":[{"embeddable":true,"href":"https:\/\/www.radiopresidenteibanez.cl\/web\/wp-json\/wp\/v2\/users\/2"}],"replies":[{"embeddable":true,"href":"https:\/\/www.radiopresidenteibanez.cl\/web\/wp-json\/wp\/v2\/comments?post=7263"}],"version-history":[{"count":0,"href":"https:\/\/www.radiopresidenteibanez.cl\/web\/wp-json\/wp\/v2\/posts\/7263\/revisions"}],"wp:featuredmedia":[{"embeddable":true,"href":"https:\/\/www.radiopresidenteibanez.cl\/web\/wp-json\/wp\/v2\/media\/7264"}],"wp:attachment":[{"href":"https:\/\/www.radiopresidenteibanez.cl\/web\/wp-json\/wp\/v2\/media?parent=7263"}],"wp:term":[{"taxonomy":"category","embeddable":true,"href":"https:\/\/www.radiopresidenteibanez.cl\/web\/wp-json\/wp\/v2\/categories?post=7263"},{"taxonomy":"post_tag","embeddable":true,"href":"https:\/\/www.radiopresidenteibanez.cl\/web\/wp-json\/wp\/v2\/tags?post=7263"}],"curies":[{"name":"wp","href":"https:\/\/api.w.org\/{rel}","templated":true}]}}