{"id":7260,"date":"2019-09-28T14:26:47","date_gmt":"2019-09-28T14:26:47","guid":{"rendered":"http:\/\/www.radiopresidenteibanez.cl\/web\/?p=7260"},"modified":"2019-09-28T14:26:53","modified_gmt":"2019-09-28T14:26:53","slug":"director-nacional-de-conadi-participo-en-inauguracion-del-renovado-jardin-infantil-intercultural-hielos-patagonicos-en-puerto-natales","status":"publish","type":"post","link":"https:\/\/www.radiopresidenteibanez.cl\/web\/director-nacional-de-conadi-participo-en-inauguracion-del-renovado-jardin-infantil-intercultural-hielos-patagonicos-en-puerto-natales\/","title":{"rendered":"DIRECTOR NACIONAL DE CONADI PARTICIP\u00d3 EN INAUGURACI\u00d3N DEL RENOVADO JARD\u00cdN INFANTIL INTERCULTURAL \u00abHIELOS PATAG\u00d3NICOS\u00bb EN PUERTO NATALES"},"content":{"rendered":"\n<p>Hasta la lejana ciudad de Puerto Natales lleg\u00f3 el\nDirector Nacional de la CONADI, Ignacio Malig Meza, para participar en la\ninauguraci\u00f3n de la renovada infraestructura del jard\u00edn infantil intercultural y\nsala cuna \u00abHielos Patag\u00f3nicos\u00bb, actividad a la que acudi\u00f3 junto a las\nautoridades de la Regi\u00f3n de Magallanes.<\/p>\n\n\n\n<p>\u201cLa importancia de ampliar la red de jardines va en el\nsentido de lo que ha dicho el Presidente Sebasti\u00e1n Pi\u00f1era: Poner a los ni\u00f1os\nprimero. El financiamiento para este jard\u00edn de primer nivel es un reflejo de\nesa pol\u00edtica y para nosotros, como CONADI, que este jard\u00edn tenga un tercio de\nsus ni\u00f1os pertenecientes a pueblos originarios nos conmueve y nos motiva mucho\nm\u00e1s a trabajar en esta zona, desarrollando convenios con Fundaci\u00f3n Integra para\nla ense\u00f1anza de las culturas y las lenguas ind\u00edgenas. Esto es un compromiso del\nPresidente Pi\u00f1era que nosotros vamos a seguir impulsando\u201d, se\u00f1al\u00f3 Ignacio Malig\nMeza, Director Nacional de CONADI.<\/p>\n\n\n\n<p>Tras una inversi\u00f3n de $1.076 millones provenientes del\nFNDR se pudo concretar la ampliaci\u00f3n, mejoramiento y renovaci\u00f3n de las dependencias\ndel establecimiento, cumpliendo ahora con las normativas vigentes de\naccesibilidad universal y un nuevo sistema contra incendios, llegando ahora a\nlos 448.29m2 de construcci\u00f3n que permiten atender a 64 p\u00e1rvulos y 18 lactantes.<\/p>\n\n\n\n<p>En este mismo sentido, se debe mencionar que este\njard\u00edn es beneficiario del convenio entre CONADI y Fundaci\u00f3n Integra, el que ha\npermitido disponer de una Educadora de Lengua y Cultura Ind\u00edgena (ELCI), quien\ngenera experiencias educativas relacionadas con las culturas mapuche-williche y\nkaw\u00e9sqar, perpetuando el legado ind\u00edgena ancestral y recatando tradiciones y\ncostumbres culturales.<\/p>\n\n\n\n<p>Los Ni\u00f1os Primero<\/p>\n\n\n\n<p>\u201cEstamos muy contentos de hacer entrega a esta\ncomunidad de esta infraestructura que permite mejorar el trabajo que se est\u00e1\ndesarrollando. Como Gobierno del Presidente Sebasti\u00e1n Pi\u00f1era y como gobierno\nRegional estamos entregando infraestructura que se suma al apoyo educacional\nque entrega Fundaci\u00f3n Integra. As\u00ed en el futuro tendremos mejores ciudadanos y\nun Chile mejor, lo que no queda s\u00f3lo en un slogan, porque los ni\u00f1os en este\ngobierno realmente est\u00e1n primeros en la fila\u201d, agreg\u00f3 el Intendente de\nMagallanes, Jos\u00e9 Fern\u00e1ndez D\u00fcbrock.<\/p>\n\n\n\n<p>\u201cPor segunda vez consecutiva hemos obtenido este\nproyecto en alianza entre Fundaci\u00f3n Integra y CONADI, donde somos protagonistas\nde la entrega de una educaci\u00f3n de calidad a los ni\u00f1os y relevando que los ni\u00f1os\ny sus familias conozcan otras culturas, otras lenguas, aprendiendo a respetar\nla diversidad cultivan. Ha sido una gran oportunidad para nosotros y agradecemos\ntambi\u00e9n&nbsp; el gran apoyo de nuestra Educadora de Lengua y Cultura Ind\u00edgena\n(ELCI), J\u00e9ssica P\u00e9rez Vargas\u201d, explic\u00f3 Maricel Alarc\u00f3n Navarro directora del\njard\u00edn infantil y sala cuna \u201cHielos Patag\u00f3nicos\u201d.<\/p>\n","protected":false},"excerpt":{"rendered":"<p>Hasta la lejana ciudad de Puerto Natales lleg\u00f3 el Director Nacional de la CONADI, Ignacio Malig Meza, para participar en la inauguraci\u00f3n de la renovada infraestructura del jard\u00edn infantil intercultural&#8230; <a class=\"read-more\" href=\"https:\/\/www.radiopresidenteibanez.cl\/web\/director-nacional-de-conadi-participo-en-inauguracion-del-renovado-jardin-infantil-intercultural-hielos-patagonicos-en-puerto-natales\/\">Leer m\u00e1s<\/a><\/p>\n","protected":false},"author":2,"featured_media":7261,"comment_status":"closed","ping_status":"closed","sticky":false,"template":"","format":"standard","meta":{"footnotes":""},"categories":[1],"tags":[],"class_list":["post-7260","post","type-post","status-publish","format-standard","has-post-thumbnail","hentry","category-cronica"],"_links":{"self":[{"href":"https:\/\/www.radiopresidenteibanez.cl\/web\/wp-json\/wp\/v2\/posts\/7260","targetHints":{"allow":["GET"]}}],"collection":[{"href":"https:\/\/www.radiopresidenteibanez.cl\/web\/wp-json\/wp\/v2\/posts"}],"about":[{"href":"https:\/\/www.radiopresidenteibanez.cl\/web\/wp-json\/wp\/v2\/types\/post"}],"author":[{"embeddable":true,"href":"https:\/\/www.radiopresidenteibanez.cl\/web\/wp-json\/wp\/v2\/users\/2"}],"replies":[{"embeddable":true,"href":"https:\/\/www.radiopresidenteibanez.cl\/web\/wp-json\/wp\/v2\/comments?post=7260"}],"version-history":[{"count":0,"href":"https:\/\/www.radiopresidenteibanez.cl\/web\/wp-json\/wp\/v2\/posts\/7260\/revisions"}],"wp:featuredmedia":[{"embeddable":true,"href":"https:\/\/www.radiopresidenteibanez.cl\/web\/wp-json\/wp\/v2\/media\/7261"}],"wp:attachment":[{"href":"https:\/\/www.radiopresidenteibanez.cl\/web\/wp-json\/wp\/v2\/media?parent=7260"}],"wp:term":[{"taxonomy":"category","embeddable":true,"href":"https:\/\/www.radiopresidenteibanez.cl\/web\/wp-json\/wp\/v2\/categories?post=7260"},{"taxonomy":"post_tag","embeddable":true,"href":"https:\/\/www.radiopresidenteibanez.cl\/web\/wp-json\/wp\/v2\/tags?post=7260"}],"curies":[{"name":"wp","href":"https:\/\/api.w.org\/{rel}","templated":true}]}}