{"id":7257,"date":"2019-09-28T14:20:33","date_gmt":"2019-09-28T14:20:33","guid":{"rendered":"http:\/\/www.radiopresidenteibanez.cl\/web\/?p=7257"},"modified":"2019-09-28T14:20:39","modified_gmt":"2019-09-28T14:20:39","slug":"con-un-conversatorio-de-pecados-contra-la-tierra-se-cerro-el-ciclo-de-charlas-rumbo-a-la-cop25","status":"publish","type":"post","link":"https:\/\/www.radiopresidenteibanez.cl\/web\/con-un-conversatorio-de-pecados-contra-la-tierra-se-cerro-el-ciclo-de-charlas-rumbo-a-la-cop25\/","title":{"rendered":"CON UN CONVERSATORIO DE \u201cPECADOS CONTRA LA TIERRA\u201d SE CERR\u00d3 EL CICLO DE CHARLAS \u201cRUMBO A LA COP25\u201d"},"content":{"rendered":"\n<p>En el Centro\nde D\u00eda del Adulto Mayor de la Universidad de Magallanes, y la Junta de Vecinos\nn\u00b041 de Villa Las Nieves se present\u00f3 el Ciclo de Charlas \u201cRumbo a la COP25\u201d,\nactividad organizada por el Programa Explora de CONICYT, a trav\u00e9s del PAR\nExplora Magallanes, y que tuvo como objetivo concientizar a la comunidad\nmagall\u00e1nica sobre el cambio clim\u00e1tico y la responsabilidad de cada uno con\nrespecto a esta problem\u00e1tica. <\/p>\n\n\n\n<p>Fueron cuatro\nd\u00edas de charlas dirigidas a la comunidad y en especial a los adultos mayores.\nEn ellas se les explic\u00f3 -entre otras cosas- en qu\u00e9 consiste la Conferencia de\nlas Naciones Unidas sobre Cambio Clim\u00e1tico (COP25), que se realizar\u00e1 del 2 al 13\nde diciembre en nuestro pa\u00eds. <\/p>\n\n\n\n<p>\u201cHoy\nterminamos una semana de charlas enmarcadas en nuestra iniciativa 1000\nCient\u00edficos 1000 Aulas, pero tambi\u00e9n apoyando a la COP25 a trav\u00e9s de la\nUniversidad de Magallanes. La idea era trabajar con un p\u00fablico que no tenemos\ncotidianamente, y ha sido una experiencia fant\u00e1stica\u201d, explic\u00f3 Claudia Salinas,\ndirectora del PAR Explora Magallanes. <\/p>\n\n\n\n<p>La exposici\u00f3n\nde cierre a cargo del acad\u00e9mico de la UMAG, Dr. Claudio G\u00f3mez, abord\u00f3 la\nresponsabilidad que como individuos tenemos con respecto al avance del cambio\nclim\u00e1tico en los \u00faltimos a\u00f1os. A trav\u00e9s de un conversatorio sobre \u201cpecados\ncontra la tierra\u201d y \u201cvirtudes para cuidarla\u201d, se busc\u00f3 generar conciencia entre\nlos asistentes graficando como cada acci\u00f3n del pasado ha repercutido en la\ncrisis medio ambiental que se vive este \u00faltimo tiempo. <\/p>\n\n\n\n<p>Los cerca de\n25 asistentes, adultos mayores y j\u00f3venes universitarios, se mostraron felices\ncon la iniciativa. Para la se\u00f1ora Mirna Vidal esta charla fue un gran aporte y reflexion\u00f3\nsobre la falta de espacios para el reciclaje en nuestra regi\u00f3n. \u201cTodos quieren\nque reciclemos pero, \u00bfD\u00f3nde lo hacemos? Si no hay donde dejar las cosas, nos\nfaltan espacios para eso\u201d. <\/p>\n\n\n\n<p>Por su parte, don\nDaniel Bahamonde cont\u00f3 sobre el compromiso que quiere hacer en conjunto con sus\ncompa\u00f1eros del Centro de D\u00eda para cuidar su entorno. \u201cDecidimos que saldremos a\nrecolectar la basura que hay en esta poblaci\u00f3n (Cardenal Silva Henr\u00edquez). De\nesta forma generamos conciencia en los m\u00e1s j\u00f3venes e incluso a los adultos que\nviven en este sector y contaminan\u201d, asegur\u00f3. <\/p>\n\n\n\n<p>Esta actividad\nfue la antesala de lo que ser\u00e1 la Semana Explora, que se desarrollar\u00e1 desde el\n7 al 11 de octubre en toda la regi\u00f3n, y donde tambi\u00e9n se abordar\u00e1 la tem\u00e1tica\nde cambio clim\u00e1tico enfoc\u00e1ndose en la realidad local. <\/p>\n","protected":false},"excerpt":{"rendered":"<p>En el Centro de D\u00eda del Adulto Mayor de la Universidad de Magallanes, y la Junta de Vecinos n\u00b041 de Villa Las Nieves se present\u00f3 el Ciclo de Charlas \u201cRumbo&#8230; <a class=\"read-more\" href=\"https:\/\/www.radiopresidenteibanez.cl\/web\/con-un-conversatorio-de-pecados-contra-la-tierra-se-cerro-el-ciclo-de-charlas-rumbo-a-la-cop25\/\">Leer m\u00e1s<\/a><\/p>\n","protected":false},"author":2,"featured_media":7258,"comment_status":"closed","ping_status":"closed","sticky":false,"template":"","format":"standard","meta":{"footnotes":""},"categories":[1],"tags":[],"class_list":["post-7257","post","type-post","status-publish","format-standard","has-post-thumbnail","hentry","category-cronica"],"_links":{"self":[{"href":"https:\/\/www.radiopresidenteibanez.cl\/web\/wp-json\/wp\/v2\/posts\/7257","targetHints":{"allow":["GET"]}}],"collection":[{"href":"https:\/\/www.radiopresidenteibanez.cl\/web\/wp-json\/wp\/v2\/posts"}],"about":[{"href":"https:\/\/www.radiopresidenteibanez.cl\/web\/wp-json\/wp\/v2\/types\/post"}],"author":[{"embeddable":true,"href":"https:\/\/www.radiopresidenteibanez.cl\/web\/wp-json\/wp\/v2\/users\/2"}],"replies":[{"embeddable":true,"href":"https:\/\/www.radiopresidenteibanez.cl\/web\/wp-json\/wp\/v2\/comments?post=7257"}],"version-history":[{"count":0,"href":"https:\/\/www.radiopresidenteibanez.cl\/web\/wp-json\/wp\/v2\/posts\/7257\/revisions"}],"wp:featuredmedia":[{"embeddable":true,"href":"https:\/\/www.radiopresidenteibanez.cl\/web\/wp-json\/wp\/v2\/media\/7258"}],"wp:attachment":[{"href":"https:\/\/www.radiopresidenteibanez.cl\/web\/wp-json\/wp\/v2\/media?parent=7257"}],"wp:term":[{"taxonomy":"category","embeddable":true,"href":"https:\/\/www.radiopresidenteibanez.cl\/web\/wp-json\/wp\/v2\/categories?post=7257"},{"taxonomy":"post_tag","embeddable":true,"href":"https:\/\/www.radiopresidenteibanez.cl\/web\/wp-json\/wp\/v2\/tags?post=7257"}],"curies":[{"name":"wp","href":"https:\/\/api.w.org\/{rel}","templated":true}]}}