{"id":7247,"date":"2019-09-27T00:30:52","date_gmt":"2019-09-27T00:30:52","guid":{"rendered":"http:\/\/www.radiopresidenteibanez.cl\/web\/?p=7247"},"modified":"2019-09-27T00:30:57","modified_gmt":"2019-09-27T00:30:57","slug":"jovenes-cuequeros-de-todo-el-pais-se-luciran-en-magallanes","status":"publish","type":"post","link":"https:\/\/www.radiopresidenteibanez.cl\/web\/jovenes-cuequeros-de-todo-el-pais-se-luciran-en-magallanes\/","title":{"rendered":"J\u00d3VENES CUEQUEROS DE TODO EL PA\u00cdS SE LUCIR\u00c1N EN MAGALLANES"},"content":{"rendered":"\n<p>La Agrupaci\u00f3n Amigos de la Cueca de Punta Arenas se encuentra afinando los \u00faltimos detalles de lo que ser\u00e1 la XXIII versi\u00f3n del Campeonato Nacional Juvenil de Cueca, que se desarrollar\u00e1 entre el s\u00e1bado 28 de septiembre y domingo 6 de octubre.<\/p>\n\n\n\n<p>\u201cSon cientos de adolescentes, entre los 14 y 17 a\u00f1os los que han pasado por este certamen y que han logrado con su participaci\u00f3n difundir nuestro baile nacional\u201d, manifest\u00f3 el presidente de la organizaci\u00f3n, Roberto G\u00f3mez \u00c1lvarez.<\/p>\n\n\n\n<p>Agreg\u00f3 que se contemplan tres fechas de competencia en el gimnasio del Liceo Mar\u00eda Behety, el domingo 29 de septiembre a las 17:00 horas, el viernes 4 de octubre a las 19.00 horas y el s\u00e1bado 5 de octubre a las 17:00 horas. Los habitantes de Porvenir tambi\u00e9n tendr\u00e1n la posibilidad de presenciar el evento, el martes 1 de octubre en el gimnasio del Liceo Bernardo O\u2019Higgins. La entrada tiene un valor de $ 1.500.<\/p>\n\n\n\n<p>\u201cLa animaci\u00f3n de cada una de las jornadas estar\u00e1 a cargo de los conjuntos: \u201cEntre Coplas y Seguidillas\u201d, \u201cCon Tormento y Pandero\u201d y \u201cLa Querencia\u201d, puntualiz\u00f3 \u00c1lvarez.<\/p>\n\n\n\n<p>Son en total 16 parejas de Iquique, Antofagasta, Vallenar, La Serena, La Calera, Palmilla, Molina, Coronel, Curacaut\u00edn, Puerto Montt, Coyhaique, Punta Arenas, Las Condes, San Jos\u00e9 de la Mariquina, Arica y Portezuelo, las que deber\u00e1n lidiar para quedarse con el anhelado trofeo \u201cEl Ping\u00fcino Cuequero\u201d.<\/p>\n\n\n\n<p>Los Campeones Nacionales Juveniles de Cueca 2018 son Magdalena Becerra Mondaca y Nicol\u00e1s Pargas Riquelme de la Regi\u00f3n Metropolitana, de la comuna de Colina, mientras que los representantes de la Regi\u00f3n de Magallanes corresponden a Valentina Guti\u00e9rrez M\u00e1rquez y David Gam\u00edn Ram\u00edrez.<\/p>\n\n\n\n<p>Otras actividades que realizar\u00e1 la delegaci\u00f3n durante su estad\u00eda en la zona son visitas a autoridades, colegios y medios de comunicaci\u00f3n, adem\u00e1s de estar presente en la Oraci\u00f3n Por Chile y en el desfile dominical en la Plaza de Armas Benjam\u00edn Mu\u00f1oz Gamero.<\/p>\n\n\n\n<p>El Campeonato Nacional Juvenil de Cueca cuenta con el auspicio de la Municipalidad de Punta Arenas, la seremi de las Culturas, las Artes y el Patrimonio, el Gobierno Regional de Magallanes y la Junta Nacional de Auxilio Escolar y Becas (Junaeb).<\/p>\n","protected":false},"excerpt":{"rendered":"<p>La Agrupaci\u00f3n Amigos de la Cueca de Punta Arenas se encuentra afinando los \u00faltimos detalles de lo que ser\u00e1 la XXIII versi\u00f3n del Campeonato Nacional Juvenil de Cueca, que se&#8230; <a class=\"read-more\" href=\"https:\/\/www.radiopresidenteibanez.cl\/web\/jovenes-cuequeros-de-todo-el-pais-se-luciran-en-magallanes\/\">Leer m\u00e1s<\/a><\/p>\n","protected":false},"author":2,"featured_media":7248,"comment_status":"closed","ping_status":"closed","sticky":false,"template":"","format":"standard","meta":{"footnotes":""},"categories":[1],"tags":[],"class_list":["post-7247","post","type-post","status-publish","format-standard","has-post-thumbnail","hentry","category-cronica"],"_links":{"self":[{"href":"https:\/\/www.radiopresidenteibanez.cl\/web\/wp-json\/wp\/v2\/posts\/7247","targetHints":{"allow":["GET"]}}],"collection":[{"href":"https:\/\/www.radiopresidenteibanez.cl\/web\/wp-json\/wp\/v2\/posts"}],"about":[{"href":"https:\/\/www.radiopresidenteibanez.cl\/web\/wp-json\/wp\/v2\/types\/post"}],"author":[{"embeddable":true,"href":"https:\/\/www.radiopresidenteibanez.cl\/web\/wp-json\/wp\/v2\/users\/2"}],"replies":[{"embeddable":true,"href":"https:\/\/www.radiopresidenteibanez.cl\/web\/wp-json\/wp\/v2\/comments?post=7247"}],"version-history":[{"count":0,"href":"https:\/\/www.radiopresidenteibanez.cl\/web\/wp-json\/wp\/v2\/posts\/7247\/revisions"}],"wp:featuredmedia":[{"embeddable":true,"href":"https:\/\/www.radiopresidenteibanez.cl\/web\/wp-json\/wp\/v2\/media\/7248"}],"wp:attachment":[{"href":"https:\/\/www.radiopresidenteibanez.cl\/web\/wp-json\/wp\/v2\/media?parent=7247"}],"wp:term":[{"taxonomy":"category","embeddable":true,"href":"https:\/\/www.radiopresidenteibanez.cl\/web\/wp-json\/wp\/v2\/categories?post=7247"},{"taxonomy":"post_tag","embeddable":true,"href":"https:\/\/www.radiopresidenteibanez.cl\/web\/wp-json\/wp\/v2\/tags?post=7247"}],"curies":[{"name":"wp","href":"https:\/\/api.w.org\/{rel}","templated":true}]}}