{"id":7245,"date":"2019-09-27T00:28:12","date_gmt":"2019-09-27T00:28:12","guid":{"rendered":"http:\/\/www.radiopresidenteibanez.cl\/web\/?p=7245"},"modified":"2019-09-27T00:28:19","modified_gmt":"2019-09-27T00:28:19","slug":"mujeres-de-la-region-seran-capacitadas-como-lideres-politicas","status":"publish","type":"post","link":"https:\/\/www.radiopresidenteibanez.cl\/web\/mujeres-de-la-region-seran-capacitadas-como-lideres-politicas\/","title":{"rendered":"MUJERES DE LA REGI\u00d3N SER\u00c1N CAPACITADAS COMO LIDERES POL\u00cdTICAS"},"content":{"rendered":"\n<p>El\nMinisterio de la Mujer y la Equidad de G\u00e9nero a trav\u00e9s del Servicio Nacional de\nla Mujer y Equidad de G\u00e9nero trabajar\u00e1n Escuelas de L\u00edderes Pol\u00edticas 2019.<\/p>\n\n\n\n<p>Estas\nescuelas servir\u00e1n para empoderar a las mujeres y darles las herramientas de\ncapacitaci\u00f3n necesarias para que puedan insertarse en el mundo pol\u00edtico en\nigualdad de condiciones.<\/p>\n\n\n\n<p>El p\u00fablico\nobjetivo de las escuelas son mujeres que est\u00e9n ligadas al mundo pol\u00edtico y que\nmanifiesten inter\u00e9s por optar a un cargo de concejalas en las pr\u00f3ximas\nelecciones municipales 2020. &nbsp;Son 1.000\nlos cupos disponibles desde Arica a Punta Arenas.<\/p>\n\n\n\n<p>La Seremi de\nla Mujer y la Equidad de G\u00e9nero Patricia Mackenney Schmauk dijo que estas\nescuelas est\u00e1n enfocadas en capacitar a mujeres que tengan inter\u00e9s en\nparticipar como lideresas en los pr\u00f3ximos procesos eleccionarios que se\ndesarrollar\u00e1n en nuestro pa\u00eds.<\/p>\n\n\n\n<p>Las Escuelas\nde L\u00edderes Pol\u00edticas est\u00e1n dirigidas a mujeres que manifiesten inter\u00e9s\nexpl\u00edcito en aspirar a cargos de representaci\u00f3n pol\u00edtica y\/o espacios de toma\nde decisi\u00f3n.<\/p>\n\n\n\n<p>En esta\noportunidad las Escuelas de L\u00edderes Pol\u00edticas, est\u00e1n focalizadas en las\nelecciones municipales 2020 y servir\u00e1n para empoderar a las mujeres y darles\nlas herramientas de capacitaci\u00f3n necesarias para que puedan insertarse en el\nmundo pol\u00edtico en igualdad de condiciones.<\/p>\n","protected":false},"excerpt":{"rendered":"<p>El Ministerio de la Mujer y la Equidad de G\u00e9nero a trav\u00e9s del Servicio Nacional de la Mujer y Equidad de G\u00e9nero trabajar\u00e1n Escuelas de L\u00edderes Pol\u00edticas 2019. Estas escuelas&#8230; <a class=\"read-more\" href=\"https:\/\/www.radiopresidenteibanez.cl\/web\/mujeres-de-la-region-seran-capacitadas-como-lideres-politicas\/\">Leer m\u00e1s<\/a><\/p>\n","protected":false},"author":2,"featured_media":7179,"comment_status":"closed","ping_status":"closed","sticky":false,"template":"","format":"standard","meta":{"footnotes":""},"categories":[1],"tags":[],"class_list":["post-7245","post","type-post","status-publish","format-standard","has-post-thumbnail","hentry","category-cronica"],"_links":{"self":[{"href":"https:\/\/www.radiopresidenteibanez.cl\/web\/wp-json\/wp\/v2\/posts\/7245","targetHints":{"allow":["GET"]}}],"collection":[{"href":"https:\/\/www.radiopresidenteibanez.cl\/web\/wp-json\/wp\/v2\/posts"}],"about":[{"href":"https:\/\/www.radiopresidenteibanez.cl\/web\/wp-json\/wp\/v2\/types\/post"}],"author":[{"embeddable":true,"href":"https:\/\/www.radiopresidenteibanez.cl\/web\/wp-json\/wp\/v2\/users\/2"}],"replies":[{"embeddable":true,"href":"https:\/\/www.radiopresidenteibanez.cl\/web\/wp-json\/wp\/v2\/comments?post=7245"}],"version-history":[{"count":0,"href":"https:\/\/www.radiopresidenteibanez.cl\/web\/wp-json\/wp\/v2\/posts\/7245\/revisions"}],"wp:featuredmedia":[{"embeddable":true,"href":"https:\/\/www.radiopresidenteibanez.cl\/web\/wp-json\/wp\/v2\/media\/7179"}],"wp:attachment":[{"href":"https:\/\/www.radiopresidenteibanez.cl\/web\/wp-json\/wp\/v2\/media?parent=7245"}],"wp:term":[{"taxonomy":"category","embeddable":true,"href":"https:\/\/www.radiopresidenteibanez.cl\/web\/wp-json\/wp\/v2\/categories?post=7245"},{"taxonomy":"post_tag","embeddable":true,"href":"https:\/\/www.radiopresidenteibanez.cl\/web\/wp-json\/wp\/v2\/tags?post=7245"}],"curies":[{"name":"wp","href":"https:\/\/api.w.org\/{rel}","templated":true}]}}