{"id":7225,"date":"2019-09-25T23:23:25","date_gmt":"2019-09-25T23:23:25","guid":{"rendered":"http:\/\/www.radiopresidenteibanez.cl\/web\/?p=7225"},"modified":"2019-09-25T23:23:30","modified_gmt":"2019-09-25T23:23:30","slug":"seremi-de-justicia-y-ddhh-fue-invitado-a-ciclo-de-formacion-ciudadana-de-liceo-experimental-leumag","status":"publish","type":"post","link":"https:\/\/www.radiopresidenteibanez.cl\/web\/seremi-de-justicia-y-ddhh-fue-invitado-a-ciclo-de-formacion-ciudadana-de-liceo-experimental-leumag\/","title":{"rendered":"SEREMI DE JUSTICIA Y DDHH FUE INVITADO A CICLO DE FORMACI\u00d3N CIUDADANA DE LICEO EXPERIMENTAL LEUMAG"},"content":{"rendered":"\n<p>Una jornada lectiva comparti\u00f3 el Seremi de Justicia y DD.HH., Fabi\u00e1n\nMella Olivos, con los estudiantes del Liceo Experimental LEUMAG, a quienes\nofreci\u00f3 una exposici\u00f3n sobre \u201cEcolog\u00eda, Derechos Humanos y Civismo\u201d como\nautoridad invitada en el marco del Plan de Formaci\u00f3n Ciudadana de dicho\nestablecimiento.<\/p>\n\n\n\n<p>Ante alrededor de un centenar de alumnos de terceros y cuartos\nmedios, el abogado se present\u00f3 ante los estudiantes como miembro de una\nsociedad, la cual reconoce un v\u00ednculo permanente entre la ecolog\u00eda, la\nfilosof\u00eda y el Derecho \u2013incluso desde tiempos de Artist\u00f3teles-, y que, a la luz\ndel presente, apunta a forjar ciudadanos conscientes y responsables de mantener\nel medio ambiente. \u00c9ste, entendido como marco fundamental para ejercer nuestro\nderecho c\u00edvico y ecol\u00f3gico en beneficio de nuestra comunidad. Asimismo, el secretario\nregional ministerial se explay\u00f3 sobre conceptos fundamentales como Derechos Humanos,\nestructura del Estado, Constituci\u00f3n, naci\u00f3n y el rol de una autoridad pol\u00edtica,\nentre otros aspectos.<\/p>\n\n\n\n<p>Jorge Trujillo Emilqueo, docente de Historia y Geograf\u00eda y ciencias\nsociales del establecimiento y coordinador del Plan de Formaci\u00f3n Ciudadana, agradeci\u00f3\nla presencia de la autoridad, ya en el tercer a\u00f1o en que desarrollan este\nciclo, en el cual han participado otras autoridades previamente, como el propio\nalcalde de Punta Arenas Claudio Radonich.&nbsp;\nEntonces, \u201cla idea es abordar lo m\u00e1s ampliamente posible los objetivos\ndel Plan de Formaci\u00f3n Ciudadana con invitados especiales m\u00e1s alguna salida con\nactividades pr\u00e1cticas\u201d.<\/p>\n\n\n\n<p>Finalmente, resalt\u00f3 la disposici\u00f3n de los directivos del establecimiento\npara realizar este tipo de encuentros con personeros de Magallanes, de manera\nde complementar sus actividades en las asignaturas de Historia y Geograf\u00eda y\nCiencias Sociales, donde incorporan materias sobre Derechos Humanos en segundos\ny terceros medios, Econom\u00eda y Derechos del Consumidor en los primeros medios, y\nnociones de los derechos y Estado de Derecho a nivel de cuartos medios.<\/p>\n\n\n\n<p>A su vez, el Seremi Mella agradeci\u00f3 la disposici\u00f3n de las autoridades del\ncolegio para brindar a los j\u00f3venes instancias como \u00e9sta, que les permitan\nadquirir algunas nociones sobre ciudadan\u00eda y democracia, resaltando que \u201ctoda\necolog\u00eda ambiental, requiere previamente la comprensi\u00f3n y pr\u00e1ctica de una\necolog\u00eda humana y social, cuya base la podemos encontrar en el reconocimiento,\nrespeto y promoci\u00f3n de los derechos humanos\u201d.<\/p>\n","protected":false},"excerpt":{"rendered":"<p>Una jornada lectiva comparti\u00f3 el Seremi de Justicia y DD.HH., Fabi\u00e1n Mella Olivos, con los estudiantes del Liceo Experimental LEUMAG, a quienes ofreci\u00f3 una exposici\u00f3n sobre \u201cEcolog\u00eda, Derechos Humanos y&#8230; <a class=\"read-more\" href=\"https:\/\/www.radiopresidenteibanez.cl\/web\/seremi-de-justicia-y-ddhh-fue-invitado-a-ciclo-de-formacion-ciudadana-de-liceo-experimental-leumag\/\">Leer m\u00e1s<\/a><\/p>\n","protected":false},"author":2,"featured_media":7226,"comment_status":"closed","ping_status":"closed","sticky":false,"template":"","format":"standard","meta":{"footnotes":""},"categories":[1],"tags":[],"class_list":["post-7225","post","type-post","status-publish","format-standard","has-post-thumbnail","hentry","category-cronica"],"_links":{"self":[{"href":"https:\/\/www.radiopresidenteibanez.cl\/web\/wp-json\/wp\/v2\/posts\/7225","targetHints":{"allow":["GET"]}}],"collection":[{"href":"https:\/\/www.radiopresidenteibanez.cl\/web\/wp-json\/wp\/v2\/posts"}],"about":[{"href":"https:\/\/www.radiopresidenteibanez.cl\/web\/wp-json\/wp\/v2\/types\/post"}],"author":[{"embeddable":true,"href":"https:\/\/www.radiopresidenteibanez.cl\/web\/wp-json\/wp\/v2\/users\/2"}],"replies":[{"embeddable":true,"href":"https:\/\/www.radiopresidenteibanez.cl\/web\/wp-json\/wp\/v2\/comments?post=7225"}],"version-history":[{"count":0,"href":"https:\/\/www.radiopresidenteibanez.cl\/web\/wp-json\/wp\/v2\/posts\/7225\/revisions"}],"wp:featuredmedia":[{"embeddable":true,"href":"https:\/\/www.radiopresidenteibanez.cl\/web\/wp-json\/wp\/v2\/media\/7226"}],"wp:attachment":[{"href":"https:\/\/www.radiopresidenteibanez.cl\/web\/wp-json\/wp\/v2\/media?parent=7225"}],"wp:term":[{"taxonomy":"category","embeddable":true,"href":"https:\/\/www.radiopresidenteibanez.cl\/web\/wp-json\/wp\/v2\/categories?post=7225"},{"taxonomy":"post_tag","embeddable":true,"href":"https:\/\/www.radiopresidenteibanez.cl\/web\/wp-json\/wp\/v2\/tags?post=7225"}],"curies":[{"name":"wp","href":"https:\/\/api.w.org\/{rel}","templated":true}]}}