{"id":7222,"date":"2019-09-25T23:20:22","date_gmt":"2019-09-25T23:20:22","guid":{"rendered":"http:\/\/www.radiopresidenteibanez.cl\/web\/?p=7222"},"modified":"2019-09-25T23:20:27","modified_gmt":"2019-09-25T23:20:27","slug":"dideco-municipal-realizara-nueva-atencion-nocturna-para-vecinos-de-punta-arenas","status":"publish","type":"post","link":"https:\/\/www.radiopresidenteibanez.cl\/web\/dideco-municipal-realizara-nueva-atencion-nocturna-para-vecinos-de-punta-arenas\/","title":{"rendered":"DIDECO MUNICIPAL REALIZAR\u00c1 NUEVA ATENCI\u00d3N NOCTURNA PARA VECINOS DE PUNTA ARENAS"},"content":{"rendered":"\n<p>Una nueva atenci\u00f3n nocturna realizar\u00e1 la Direcci\u00f3n de\nDesarrollo Comunitario de la Municipalidad de Punta Arenas, oportunidad en la\nque los vecinos de la comuna podr\u00e1n realizar diversos tr\u00e1mites, en un horario\nque ser\u00e1 m\u00e1s accesible para ellos.<\/p>\n\n\n\n<p>En la oportunidad, los asistentes podr\u00e1n optar a tr\u00e1mites de\nlas distintas unidades, como Registro Social de Hogares, Oficina Municipal de\nla Mujer, Subsidios, Asistencia Social y profesionales Psic\u00f3logo y Abogado.<\/p>\n\n\n\n<p>La actividad se llevar\u00e1 a cabo este viernes (27 de\nseptiembre), entre las 19 y 22 horas, en dependencias de la Direcci\u00f3n de\nDesarrollo Comunitario, ubicada en Avenida Independencia 830.<\/p>\n\n\n\n<p>En la oportunidad, tambi\u00e9n se habilitar\u00e1 un espacio\ninfantil, especial para el cuidado de los ni\u00f1os y ni\u00f1as que asistan ese d\u00eda.<\/p>\n","protected":false},"excerpt":{"rendered":"<p>Una nueva atenci\u00f3n nocturna realizar\u00e1 la Direcci\u00f3n de Desarrollo Comunitario de la Municipalidad de Punta Arenas, oportunidad en la que los vecinos de la comuna podr\u00e1n realizar diversos tr\u00e1mites, en&#8230; <a class=\"read-more\" href=\"https:\/\/www.radiopresidenteibanez.cl\/web\/dideco-municipal-realizara-nueva-atencion-nocturna-para-vecinos-de-punta-arenas\/\">Leer m\u00e1s<\/a><\/p>\n","protected":false},"author":2,"featured_media":7223,"comment_status":"closed","ping_status":"closed","sticky":false,"template":"","format":"standard","meta":{"footnotes":""},"categories":[1],"tags":[],"class_list":["post-7222","post","type-post","status-publish","format-standard","has-post-thumbnail","hentry","category-cronica"],"_links":{"self":[{"href":"https:\/\/www.radiopresidenteibanez.cl\/web\/wp-json\/wp\/v2\/posts\/7222","targetHints":{"allow":["GET"]}}],"collection":[{"href":"https:\/\/www.radiopresidenteibanez.cl\/web\/wp-json\/wp\/v2\/posts"}],"about":[{"href":"https:\/\/www.radiopresidenteibanez.cl\/web\/wp-json\/wp\/v2\/types\/post"}],"author":[{"embeddable":true,"href":"https:\/\/www.radiopresidenteibanez.cl\/web\/wp-json\/wp\/v2\/users\/2"}],"replies":[{"embeddable":true,"href":"https:\/\/www.radiopresidenteibanez.cl\/web\/wp-json\/wp\/v2\/comments?post=7222"}],"version-history":[{"count":0,"href":"https:\/\/www.radiopresidenteibanez.cl\/web\/wp-json\/wp\/v2\/posts\/7222\/revisions"}],"wp:featuredmedia":[{"embeddable":true,"href":"https:\/\/www.radiopresidenteibanez.cl\/web\/wp-json\/wp\/v2\/media\/7223"}],"wp:attachment":[{"href":"https:\/\/www.radiopresidenteibanez.cl\/web\/wp-json\/wp\/v2\/media?parent=7222"}],"wp:term":[{"taxonomy":"category","embeddable":true,"href":"https:\/\/www.radiopresidenteibanez.cl\/web\/wp-json\/wp\/v2\/categories?post=7222"},{"taxonomy":"post_tag","embeddable":true,"href":"https:\/\/www.radiopresidenteibanez.cl\/web\/wp-json\/wp\/v2\/tags?post=7222"}],"curies":[{"name":"wp","href":"https:\/\/api.w.org\/{rel}","templated":true}]}}