{"id":7219,"date":"2019-09-25T23:15:05","date_gmt":"2019-09-25T23:15:05","guid":{"rendered":"http:\/\/www.radiopresidenteibanez.cl\/web\/?p=7219"},"modified":"2019-09-25T23:15:14","modified_gmt":"2019-09-25T23:15:14","slug":"retiro-de-cachureos-completo-su-primera-vuelta-por-todo-punta-arenas","status":"publish","type":"post","link":"https:\/\/www.radiopresidenteibanez.cl\/web\/retiro-de-cachureos-completo-su-primera-vuelta-por-todo-punta-arenas\/","title":{"rendered":"RETIRO DE CACHUREOS COMPLET\u00d3 SU PRIMERA VUELTA POR TODO PUNTA ARENAS"},"content":{"rendered":"\n<p>48 mil 140 viviendas beneficiadas y m\u00e1s de 20 mil metros c\u00fabicos, han sido retirados en la primera vuelta por toda la ciudad de la Campa\u00f1a Municipal, \u201cPunta Arenas Retira Cachureos\u201d, la que ha sido todo un \u00e9xito desde que se inici\u00f3 en el mes de enero del 2018.<\/p>\n\n\n\n<p>\u201cMil camiones llenos han llegado hasta el vertedero de Punta Arenas, por medio de nuestra campa\u00f1a, ya que hemos podido sacar basura que antes estaba en los patios de nuestros vecinos. Estamos hablando de una ciudad m\u00e1s limpia y con casas m\u00e1s limpias\u201d, expres\u00f3 el alcalde Claudio Radonich.<\/p>\n\n\n\n<p>La autoridad comunal agreg\u00f3 que \u201ceste gran esfuerzo que estamos haciendo como Municipalidad en conjunto con la empresa \u00c1reas Verdes, es acompa\u00f1ado de los vecinos que nos ayudan a difundir en los barrios de Punta Arenas\u201d.<\/p>\n\n\n\n<p>Rodrigo Santana, encargado de la campa\u00f1a y jefe fiscalizaci\u00f3n del Contrato con la Empresa \u00c1reas Verdes, dijo que \u201cel balance es s\u00faper positivo, lo que indica que esta campa\u00f1a ha sido un \u00e9xito, por lo que ahora partimos con la segunda etapa en la que esperamos que la carga de Cachureos disminuya, puesto que muchos hogares ya no tendr\u00e1n tantos enseres para desechar\u201d.<\/p>\n\n\n\n<p>Finalmente, Radonich avis\u00f3 desde ya que \u201ccomenzamos la pr\u00f3xima semana con la segunda etapa, los d\u00edas 1 y 2 de octubre en el operativo correspondiente al cuadrante: Avenida Eduardo Frei, Pasaje Monte Tarn, General del Canto y Domingo Amun\u00e1tegui (Poblaci\u00f3n La Concepci\u00f3n), entre las 8 y 14 horas\u201d.<\/p>\n","protected":false},"excerpt":{"rendered":"<p>48 mil 140 viviendas beneficiadas y m\u00e1s de 20 mil metros c\u00fabicos, han sido retirados en la primera vuelta por toda la ciudad de la Campa\u00f1a Municipal, \u201cPunta Arenas Retira&#8230; <a class=\"read-more\" href=\"https:\/\/www.radiopresidenteibanez.cl\/web\/retiro-de-cachureos-completo-su-primera-vuelta-por-todo-punta-arenas\/\">Leer m\u00e1s<\/a><\/p>\n","protected":false},"author":2,"featured_media":7220,"comment_status":"closed","ping_status":"closed","sticky":false,"template":"","format":"standard","meta":{"footnotes":""},"categories":[1],"tags":[],"class_list":["post-7219","post","type-post","status-publish","format-standard","has-post-thumbnail","hentry","category-cronica"],"_links":{"self":[{"href":"https:\/\/www.radiopresidenteibanez.cl\/web\/wp-json\/wp\/v2\/posts\/7219","targetHints":{"allow":["GET"]}}],"collection":[{"href":"https:\/\/www.radiopresidenteibanez.cl\/web\/wp-json\/wp\/v2\/posts"}],"about":[{"href":"https:\/\/www.radiopresidenteibanez.cl\/web\/wp-json\/wp\/v2\/types\/post"}],"author":[{"embeddable":true,"href":"https:\/\/www.radiopresidenteibanez.cl\/web\/wp-json\/wp\/v2\/users\/2"}],"replies":[{"embeddable":true,"href":"https:\/\/www.radiopresidenteibanez.cl\/web\/wp-json\/wp\/v2\/comments?post=7219"}],"version-history":[{"count":0,"href":"https:\/\/www.radiopresidenteibanez.cl\/web\/wp-json\/wp\/v2\/posts\/7219\/revisions"}],"wp:featuredmedia":[{"embeddable":true,"href":"https:\/\/www.radiopresidenteibanez.cl\/web\/wp-json\/wp\/v2\/media\/7220"}],"wp:attachment":[{"href":"https:\/\/www.radiopresidenteibanez.cl\/web\/wp-json\/wp\/v2\/media?parent=7219"}],"wp:term":[{"taxonomy":"category","embeddable":true,"href":"https:\/\/www.radiopresidenteibanez.cl\/web\/wp-json\/wp\/v2\/categories?post=7219"},{"taxonomy":"post_tag","embeddable":true,"href":"https:\/\/www.radiopresidenteibanez.cl\/web\/wp-json\/wp\/v2\/tags?post=7219"}],"curies":[{"name":"wp","href":"https:\/\/api.w.org\/{rel}","templated":true}]}}