{"id":7214,"date":"2019-09-25T20:45:36","date_gmt":"2019-09-25T20:45:36","guid":{"rendered":"http:\/\/www.radiopresidenteibanez.cl\/web\/?p=7214"},"modified":"2019-09-25T20:45:42","modified_gmt":"2019-09-25T20:45:42","slug":"ya-puedes-votar-por-los-11-emprendimientos-de-magallanes-y-que-sean-parte-de-la-seleccion-nacional-de-pymes-2019","status":"publish","type":"post","link":"https:\/\/www.radiopresidenteibanez.cl\/web\/ya-puedes-votar-por-los-11-emprendimientos-de-magallanes-y-que-sean-parte-de-la-seleccion-nacional-de-pymes-2019\/","title":{"rendered":"\u00a1YA PUEDES VOTAR POR LOS 11 EMPRENDIMIENTOS DE MAGALLANES  Y QUE SEAN PARTE DE LA SELECCI\u00d3N NACIONAL DE PYMES 2019!"},"content":{"rendered":"\n<p>Fueron m\u00e1s de 3.000 las peque\u00f1as y medianas empresas\ninscritas desde Arica a Magallanes para participar del concurso \u201cSelecci\u00f3n\nNacional de Pymes\u201d y de las cuales s\u00f3lo 11 por regi\u00f3n pasaron a la siguiente\netapa y final. En total: son 176 emprendimientos, los que hoy participan por\nllegar a ser uno de los 11 con m\u00e1s votos a nivel nacional y conformar la\nselecci\u00f3n oficial de este a\u00f1o.<\/p>\n\n\n\n<p>En la Regi\u00f3n de Magallanes y Ant\u00e1rtica Chilena hay\n11 pymes concursando, de los cuales 5 son de la Provincia de Magallanes, 5 de \u00daltima\nEsperanza y una de Ant\u00e1rtica.<\/p>\n\n\n\n<p>Al respecto, la directora regional de Sercotec\nMagallanes, manifest\u00f3 que \u201choy 25 de septiembre comienza la Selecci\u00f3n Nacional\nde Pymes. Aqu\u00ed en Magallanes tenemos 11 preseleccionados, 5 de Punta Arenas, 5\nde Puerto Natales y&nbsp; una de Puerto\nWilliams. La invitaci\u00f3n es que nos pongamos la camiseta como magall\u00e1nicos y\nvotemos. Es s\u00faper f\u00e1cil, solo tienen que ingresar a <a href=\"http:\/\/www.seleccionnacionaldepymes.cl\/\">www.seleccionnacionaldepymes.cl<\/a>, filtrar Magallanes&nbsp; y\nvotar por nuestros 11 preseleccionados. Queremos llevar a nuestras pymes a la\nSelecci\u00f3n Nacional. Solo es hasta el d\u00eda 4 de octubre, as\u00ed que ingresa, vota\npor lo nuestro, vota por lo magall\u00e1nico\u201d. <\/p>\n\n\n\n<p>Se trata de un concurso hist\u00f3rico, pues fueron\n356.453 mil los votos emitidos a nivel nacional durante las dos semanas que\ndur\u00f3 la primera etapa (entre el 27 de agosto al 9 de septiembre) y, es adem\u00e1s\nel \u00fanico concurso de Sercotec cuyos ganadores son elegidos por votaci\u00f3n\npopular. Todos pueden elegir sus emprendimientos favoritos entregando un \u201cMe\ngusta\u201d en el video que ellos mismos subieron, contando sus historias de\nesfuerzo, pasi\u00f3n y dedicaci\u00f3n a lo que se dedican y que est\u00e1n disponibles en la\np\u00e1gina web&nbsp; <a href=\"http:\/\/www.seleccionnacionaldepymes.cl\/\" target=\"_blank\" rel=\"noreferrer noopener\">www.seleccionnacionaldepymes.cl<\/a>.<\/p>\n\n\n\n<p>Quienes resulten ser los 11 elegidos de la\n\u201cSelecci\u00f3n Nacional de Pymes 2019\u201d obtendr\u00e1n una pasant\u00eda para viajar a conocer\nel ecosistema del emprendimiento a Estados Unidos, ocasi\u00f3n donde podr\u00e1n\nacceder&nbsp;a herramientas para la adquisici\u00f3n de conocimientos\nprofesionales, identificar oportunidades, mejorar la calidad de sus productos e\nincorporar innovaci\u00f3n para la promoci\u00f3n comercial de sus empresas.<\/p>\n\n\n\n<p>Para votar debes ingresar a la\np\u00e1gina, filtrar por regi\u00f3n de Magallanes y votar por los 11 preseleccionados de\nla Regi\u00f3n. <\/p>\n\n\n\n<p><strong>En la Regi\u00f3n de Magallanes<\/strong>, los semifinalistas postulando por ganar\nun cupo son los siguientes:<\/p>\n\n\n\n<p>1.- Efra Masoterapia (Natales).<\/p>\n\n\n\n<p>2.- Laboratorio\nsocial m\u00f3vil Legospatagonia (Punta Arenas). <\/p>\n\n\n\n<p>3.- Baily\nEstudio Fotogr\u00e1fico (Natales).<\/p>\n\n\n\n<p>4.- Patagonia\nBreath (Punta Arenas).<\/p>\n\n\n\n<p>5.- Alter-Nativa (Punta Arenas).<\/p>\n\n\n\n<p>6.- Emporio Menta Caf\u00e9 (Natales).<\/p>\n\n\n\n<p>7.- Mi Artesana (Punta Arenas).<\/p>\n\n\n\n<p>8.- Zarita Chocolates Artesanales (Punta Arenas).<\/p>\n\n\n\n<p>9.- ISO100 Outdoor (Natales).<\/p>\n\n\n\n<p>10.- Hostal Guanaco Blanco (Natales).<\/p>\n\n\n\n<p>11.- Productos Bel\u00e9n (Puerto Williams).<\/p>\n","protected":false},"excerpt":{"rendered":"<p>Fueron m\u00e1s de 3.000 las peque\u00f1as y medianas empresas inscritas desde Arica a Magallanes para participar del concurso \u201cSelecci\u00f3n Nacional de Pymes\u201d y de las cuales s\u00f3lo 11 por regi\u00f3n&#8230; <a class=\"read-more\" href=\"https:\/\/www.radiopresidenteibanez.cl\/web\/ya-puedes-votar-por-los-11-emprendimientos-de-magallanes-y-que-sean-parte-de-la-seleccion-nacional-de-pymes-2019\/\">Leer m\u00e1s<\/a><\/p>\n","protected":false},"author":2,"featured_media":7215,"comment_status":"closed","ping_status":"closed","sticky":false,"template":"","format":"standard","meta":{"footnotes":""},"categories":[1],"tags":[],"class_list":["post-7214","post","type-post","status-publish","format-standard","has-post-thumbnail","hentry","category-cronica"],"_links":{"self":[{"href":"https:\/\/www.radiopresidenteibanez.cl\/web\/wp-json\/wp\/v2\/posts\/7214","targetHints":{"allow":["GET"]}}],"collection":[{"href":"https:\/\/www.radiopresidenteibanez.cl\/web\/wp-json\/wp\/v2\/posts"}],"about":[{"href":"https:\/\/www.radiopresidenteibanez.cl\/web\/wp-json\/wp\/v2\/types\/post"}],"author":[{"embeddable":true,"href":"https:\/\/www.radiopresidenteibanez.cl\/web\/wp-json\/wp\/v2\/users\/2"}],"replies":[{"embeddable":true,"href":"https:\/\/www.radiopresidenteibanez.cl\/web\/wp-json\/wp\/v2\/comments?post=7214"}],"version-history":[{"count":0,"href":"https:\/\/www.radiopresidenteibanez.cl\/web\/wp-json\/wp\/v2\/posts\/7214\/revisions"}],"wp:featuredmedia":[{"embeddable":true,"href":"https:\/\/www.radiopresidenteibanez.cl\/web\/wp-json\/wp\/v2\/media\/7215"}],"wp:attachment":[{"href":"https:\/\/www.radiopresidenteibanez.cl\/web\/wp-json\/wp\/v2\/media?parent=7214"}],"wp:term":[{"taxonomy":"category","embeddable":true,"href":"https:\/\/www.radiopresidenteibanez.cl\/web\/wp-json\/wp\/v2\/categories?post=7214"},{"taxonomy":"post_tag","embeddable":true,"href":"https:\/\/www.radiopresidenteibanez.cl\/web\/wp-json\/wp\/v2\/tags?post=7214"}],"curies":[{"name":"wp","href":"https:\/\/api.w.org\/{rel}","templated":true}]}}