{"id":7208,"date":"2019-09-25T20:39:26","date_gmt":"2019-09-25T20:39:26","guid":{"rendered":"http:\/\/www.radiopresidenteibanez.cl\/web\/?p=7208"},"modified":"2019-09-25T20:39:35","modified_gmt":"2019-09-25T20:39:35","slug":"edelmag-pone-en-servicio-el-primer-punto-de-carga-para-vehiculos-electricos","status":"publish","type":"post","link":"https:\/\/www.radiopresidenteibanez.cl\/web\/edelmag-pone-en-servicio-el-primer-punto-de-carga-para-vehiculos-electricos\/","title":{"rendered":"EDELMAG PONE EN SERVICIO EL PRIMER PUNTO DE CARGA PARA VEH\u00cdCULOS EL\u00c9CTRICOS"},"content":{"rendered":"\n<p>En sus oficinas de Punta Arenas en Croacia\n444, se encuentra instalada la electrolinera a trav\u00e9s de la cual se ofrecer\u00e1 un\nservicio gratuito. \u201cEsta iniciativa es parte de nuestro compromiso con el\nmedioambiente, a trav\u00e9s de la implementaci\u00f3n de la infraestructura, que permita\nel desarrollo de la electromovilidad en todo el pa\u00eds, incentivando la\nincorporaci\u00f3n de veh\u00edculos el\u00e9ctricos en el parque automotriz local\u201d, se\u00f1al\u00f3 el\nGerente General de EDELMAG, Carlos Y\u00e1\u00f1ez. <\/p>\n\n\n\n<p>Adem\u00e1s, se present\u00f3 el veh\u00edculo\nel\u00e9ctrico que desde esta fecha se incorpora a la flota de trabajo que utiliza\nla distribuidora el\u00e9ctrica en terreno. Se trata de un modelo Peugeot partner,\nque cuenta con una autonom\u00eda de 170 kil\u00f3metros, que permite avanzar en la\nincorporaci\u00f3n de veh\u00edculos con cero emisiones de CO2, un bajo costo de\nmantenci\u00f3n y abastecimiento de energ\u00eda para su funcionamiento. <\/p>\n\n\n\n<p><a><br>\nDe esta manera la empresa de origen regional, que est\u00e1 pr\u00f3xima a cumplir 122\na\u00f1os, marca un importante hito en Magallanes, incorporando tecnolog\u00eda\ninnovadora que permite implementar soluciones ligadas a la innovaci\u00f3n, al\ndesarrollo, al cuidado del medio ambiente, abriendo nuevas posibilidades a la\neconom\u00eda regional. <\/a><\/p>\n\n\n\n<p>Carlos Y\u00e1\u00f1ez, indic\u00f3 que \u201cesperamos ir extendiendo\nprogresivamente nuestra cobertura, sin descartar implementar nuevos puntos de\ncargas en otras ciudades de la regi\u00f3n, ampliando paulatinamente los servicios\nque entregamos a nuestros clientes, instalando electrolinera a quienes lo soliciten\u201d.\n<\/p>\n\n\n\n<p>En la actualidad esta tecnolog\u00eda\npuede ser implementada en distintos espacios, en el resto del pa\u00eds han sido\nincorporadas en estaciones de servicio, proyectos inmobiliarios y domicilios\nparticulares; donde el ejemplo m\u00e1s com\u00fan corresponde al transporte p\u00fablico. <\/p>\n\n\n\n<p>En cuanto al funcionamiento, los\nveh\u00edculos el\u00e9ctricos cuentan con dos entradas para realizar el abastecimiento, la\nprimera para carga r\u00e1pida desde la electrolinera y la segunda para carga lenta desde\nuna instalaci\u00f3n dom\u00e9stica.<\/p>\n\n\n\n<p><br>\nLa electrolinera implementada por EDELMAG, permite la carga total del veh\u00edculo en\n6 horas. Mientras que, en el domicilio, con un enchufe tradicional, tendr\u00e1 una\nduraci\u00f3n de 12 horas, dando una autonom\u00eda de 170 kil\u00f3metros, dependiendo de las\ncondiciones de conducci\u00f3n del auto. <\/p>\n\n\n\n<p>En Chile ya circulan cerca de 700\nveh\u00edculos el\u00e9ctricos y se estima un progresivo aumento en el futuro, debido a\nque las principales marcas automotrices del mundo est\u00e1n desarrollando m\u00f3viles cada\nvez m\u00e1s accesibles para el p\u00fablico, aprovechando los avances tecnol\u00f3gicos y las\nventajas que tienen este tipo de veh\u00edculos respecto de los tradicionales que\nposeen motor de combusti\u00f3n. Entre las principales est\u00e1 su aporte al\nmedioambiente, ya que los veh\u00edculos el\u00e9ctricos no tienen emisiones de gases\ncontaminantes. Adem\u00e1s, son silenciosos, lo que mejora sustancialmente el nivel\nde ruido de las ciudades.<\/p>\n\n\n\n<p>Con la electrolinera instalada por\nEDELMAG, el Grupo CGE dispone de puntos de carga en casi en todo el pa\u00eds,\nrestando solo Arica para abarcar todo Chile.<\/p>\n","protected":false},"excerpt":{"rendered":"<p>En sus oficinas de Punta Arenas en Croacia 444, se encuentra instalada la electrolinera a trav\u00e9s de la cual se ofrecer\u00e1 un servicio gratuito. \u201cEsta iniciativa es parte de nuestro&#8230; <a class=\"read-more\" href=\"https:\/\/www.radiopresidenteibanez.cl\/web\/edelmag-pone-en-servicio-el-primer-punto-de-carga-para-vehiculos-electricos\/\">Leer m\u00e1s<\/a><\/p>\n","protected":false},"author":2,"featured_media":7209,"comment_status":"closed","ping_status":"closed","sticky":false,"template":"","format":"standard","meta":{"footnotes":""},"categories":[1],"tags":[],"class_list":["post-7208","post","type-post","status-publish","format-standard","has-post-thumbnail","hentry","category-cronica"],"_links":{"self":[{"href":"https:\/\/www.radiopresidenteibanez.cl\/web\/wp-json\/wp\/v2\/posts\/7208","targetHints":{"allow":["GET"]}}],"collection":[{"href":"https:\/\/www.radiopresidenteibanez.cl\/web\/wp-json\/wp\/v2\/posts"}],"about":[{"href":"https:\/\/www.radiopresidenteibanez.cl\/web\/wp-json\/wp\/v2\/types\/post"}],"author":[{"embeddable":true,"href":"https:\/\/www.radiopresidenteibanez.cl\/web\/wp-json\/wp\/v2\/users\/2"}],"replies":[{"embeddable":true,"href":"https:\/\/www.radiopresidenteibanez.cl\/web\/wp-json\/wp\/v2\/comments?post=7208"}],"version-history":[{"count":0,"href":"https:\/\/www.radiopresidenteibanez.cl\/web\/wp-json\/wp\/v2\/posts\/7208\/revisions"}],"wp:featuredmedia":[{"embeddable":true,"href":"https:\/\/www.radiopresidenteibanez.cl\/web\/wp-json\/wp\/v2\/media\/7209"}],"wp:attachment":[{"href":"https:\/\/www.radiopresidenteibanez.cl\/web\/wp-json\/wp\/v2\/media?parent=7208"}],"wp:term":[{"taxonomy":"category","embeddable":true,"href":"https:\/\/www.radiopresidenteibanez.cl\/web\/wp-json\/wp\/v2\/categories?post=7208"},{"taxonomy":"post_tag","embeddable":true,"href":"https:\/\/www.radiopresidenteibanez.cl\/web\/wp-json\/wp\/v2\/tags?post=7208"}],"curies":[{"name":"wp","href":"https:\/\/api.w.org\/{rel}","templated":true}]}}