{"id":7206,"date":"2019-09-25T20:36:24","date_gmt":"2019-09-25T20:36:24","guid":{"rendered":"http:\/\/www.radiopresidenteibanez.cl\/web\/?p=7206"},"modified":"2019-09-25T20:36:30","modified_gmt":"2019-09-25T20:36:30","slug":"celebracion-dia-de-la-musica-cambia-de-escenario","status":"publish","type":"post","link":"https:\/\/www.radiopresidenteibanez.cl\/web\/celebracion-dia-de-la-musica-cambia-de-escenario\/","title":{"rendered":"CELEBRACI\u00d3N D\u00cdA DE LA M\u00daSICA CAMBIA DE ESCENARIO"},"content":{"rendered":"\n<p>Producto de la\nalta demanda del p\u00fablico por asistir al evento de celebraci\u00f3n del D\u00eda de la\nM\u00fasica y los M\u00fasicos Chilenos, la Seremi de las Culturas, las Artes y el\nPatrimonio, opt\u00f3 por el cambio de recinto para la realizaci\u00f3n del espect\u00e1culo.<\/p>\n\n\n\n<p>La\nactividad, que considera la presentaci\u00f3n de artista regionales y la cantante\nnacional Camila Gallardo, se efectuar\u00e1 en el gimnasio de la Confederaci\u00f3n Deportiva de\nMagallanes (O&#8217;Higgins N\u00b0 0110). Este recinto cuenta con una capacidad mayor al\ngimnasio Fiscal, donde originalmente se llevar\u00eda a cabo.<\/p>\n\n\n\n<p>\u201cLas\nentradas se agotaron r\u00e1pidamente. Frente a esta situaci\u00f3n debimos cambiar de\nplanes y hacer un esfuerzo para conseguir un recinto con mayor capacidad.\nFinalmente lo logramos y quiero agradecer p\u00fablicamente la disposici\u00f3n y\nvoluntad del colegio Miguel de Cervantes, que nos dio las facilidades, porque\nellos ten\u00edan reservado el gimnasio de la Confederaci\u00f3n\u201d, explic\u00f3 la Seremi de\nlas Culturas, las Artes y el Patrimonio, Katherine Ibacache.<\/p>\n\n\n\n<p>Las\npersonas que llegaron la ma\u00f1ana de este mi\u00e9rcoles hasta la oficina de la Seremi\ny no consiguieron su entrada, fueron inscritas y recibir\u00e1n su respectiva\ninvitaci\u00f3n. \u201cAnte la contingencia habilitamos un registro de manera de cumplir\ncon quienes vinieron por su entrada. Nos contactaremos con esas personas\u201d,\nrecalc\u00f3 la autoridad, junto con insistir que ya no hay disponibilidad de\nboletos para asistir al concierto.<\/p>\n\n\n\n<p>La celebraci\u00f3n\ndel D\u00eda de la M\u00fasica y los M\u00fasicos Chilenos, que se concretar\u00e1 el viernes 4 de\noctubre, a partir de las 19.00 horas, considera la participaci\u00f3n de int\u00e9rpretes\nde diferentes g\u00e9neros. Se presentar\u00e1n en Punta Arenas el elenco \u201cSur Canoris\u201d\n(m\u00fasica medieval), de Casa Azul del Arte; \u201cLas U\u00f1a y Mugre\u201d (folclor) y \u00abLa Negra\u00bb (popular), todos de la regi\u00f3n\nde Magallanes, m\u00e1s la compositora y cante nacional Camila\nGallardo.&nbsp;<\/p>\n","protected":false},"excerpt":{"rendered":"<p>Producto de la alta demanda del p\u00fablico por asistir al evento de celebraci\u00f3n del D\u00eda de la M\u00fasica y los M\u00fasicos Chilenos, la Seremi de las Culturas, las Artes y&#8230; <a class=\"read-more\" href=\"https:\/\/www.radiopresidenteibanez.cl\/web\/celebracion-dia-de-la-musica-cambia-de-escenario\/\">Leer m\u00e1s<\/a><\/p>\n","protected":false},"author":2,"featured_media":7202,"comment_status":"closed","ping_status":"closed","sticky":false,"template":"","format":"standard","meta":{"footnotes":""},"categories":[4],"tags":[],"class_list":["post-7206","post","type-post","status-publish","format-standard","has-post-thumbnail","hentry","category-entretenimiento-y-cultura"],"_links":{"self":[{"href":"https:\/\/www.radiopresidenteibanez.cl\/web\/wp-json\/wp\/v2\/posts\/7206","targetHints":{"allow":["GET"]}}],"collection":[{"href":"https:\/\/www.radiopresidenteibanez.cl\/web\/wp-json\/wp\/v2\/posts"}],"about":[{"href":"https:\/\/www.radiopresidenteibanez.cl\/web\/wp-json\/wp\/v2\/types\/post"}],"author":[{"embeddable":true,"href":"https:\/\/www.radiopresidenteibanez.cl\/web\/wp-json\/wp\/v2\/users\/2"}],"replies":[{"embeddable":true,"href":"https:\/\/www.radiopresidenteibanez.cl\/web\/wp-json\/wp\/v2\/comments?post=7206"}],"version-history":[{"count":0,"href":"https:\/\/www.radiopresidenteibanez.cl\/web\/wp-json\/wp\/v2\/posts\/7206\/revisions"}],"wp:featuredmedia":[{"embeddable":true,"href":"https:\/\/www.radiopresidenteibanez.cl\/web\/wp-json\/wp\/v2\/media\/7202"}],"wp:attachment":[{"href":"https:\/\/www.radiopresidenteibanez.cl\/web\/wp-json\/wp\/v2\/media?parent=7206"}],"wp:term":[{"taxonomy":"category","embeddable":true,"href":"https:\/\/www.radiopresidenteibanez.cl\/web\/wp-json\/wp\/v2\/categories?post=7206"},{"taxonomy":"post_tag","embeddable":true,"href":"https:\/\/www.radiopresidenteibanez.cl\/web\/wp-json\/wp\/v2\/tags?post=7206"}],"curies":[{"name":"wp","href":"https:\/\/api.w.org\/{rel}","templated":true}]}}