{"id":7204,"date":"2019-09-24T17:32:04","date_gmt":"2019-09-24T17:32:04","guid":{"rendered":"http:\/\/www.radiopresidenteibanez.cl\/web\/?p=7204"},"modified":"2019-09-24T17:32:10","modified_gmt":"2019-09-24T17:32:10","slug":"la-mezcla-de-alcohol-y-viagra-dejo-sin-vida-a-un-hombre-al-interior-de-un-motel-en-punta-arenas","status":"publish","type":"post","link":"https:\/\/www.radiopresidenteibanez.cl\/web\/la-mezcla-de-alcohol-y-viagra-dejo-sin-vida-a-un-hombre-al-interior-de-un-motel-en-punta-arenas\/","title":{"rendered":"LA MEZCLA DE ALCOHOL Y VIAGRA DEJO SIN VIDA A UN HOMBRE AL INTERIOR DE UN MOTEL EN PUNTA ARENAS"},"content":{"rendered":"\n<p>Durante 40 minutos, personal del Samu realiz\u00f3 maniobras de\nreanimaci\u00f3n a un hombre de 58 a\u00f1os que se encontraba al interior de un motel\nubicado en calle Ignacio Carrera Pinto, lamentablemente el trabajo realizado\npor los profesionales no fue exitoso por lo que el malogrado hombre perdi\u00f3 la\nvida.<\/p>\n\n\n\n<p>Se presume que el hombre habr\u00eda consumido f\u00e1rmacos precisamente\nviagra la que fue mezclada con alcohol.<\/p>\n","protected":false},"excerpt":{"rendered":"<p>Durante 40 minutos, personal del Samu realiz\u00f3 maniobras de reanimaci\u00f3n a un hombre de 58 a\u00f1os que se encontraba al interior de un motel ubicado en calle Ignacio Carrera Pinto,&#8230; <a class=\"read-more\" href=\"https:\/\/www.radiopresidenteibanez.cl\/web\/la-mezcla-de-alcohol-y-viagra-dejo-sin-vida-a-un-hombre-al-interior-de-un-motel-en-punta-arenas\/\">Leer m\u00e1s<\/a><\/p>\n","protected":false},"author":2,"featured_media":1617,"comment_status":"closed","ping_status":"closed","sticky":false,"template":"","format":"standard","meta":{"footnotes":""},"categories":[1],"tags":[],"class_list":["post-7204","post","type-post","status-publish","format-standard","has-post-thumbnail","hentry","category-cronica"],"_links":{"self":[{"href":"https:\/\/www.radiopresidenteibanez.cl\/web\/wp-json\/wp\/v2\/posts\/7204","targetHints":{"allow":["GET"]}}],"collection":[{"href":"https:\/\/www.radiopresidenteibanez.cl\/web\/wp-json\/wp\/v2\/posts"}],"about":[{"href":"https:\/\/www.radiopresidenteibanez.cl\/web\/wp-json\/wp\/v2\/types\/post"}],"author":[{"embeddable":true,"href":"https:\/\/www.radiopresidenteibanez.cl\/web\/wp-json\/wp\/v2\/users\/2"}],"replies":[{"embeddable":true,"href":"https:\/\/www.radiopresidenteibanez.cl\/web\/wp-json\/wp\/v2\/comments?post=7204"}],"version-history":[{"count":0,"href":"https:\/\/www.radiopresidenteibanez.cl\/web\/wp-json\/wp\/v2\/posts\/7204\/revisions"}],"wp:featuredmedia":[{"embeddable":true,"href":"https:\/\/www.radiopresidenteibanez.cl\/web\/wp-json\/wp\/v2\/media\/1617"}],"wp:attachment":[{"href":"https:\/\/www.radiopresidenteibanez.cl\/web\/wp-json\/wp\/v2\/media?parent=7204"}],"wp:term":[{"taxonomy":"category","embeddable":true,"href":"https:\/\/www.radiopresidenteibanez.cl\/web\/wp-json\/wp\/v2\/categories?post=7204"},{"taxonomy":"post_tag","embeddable":true,"href":"https:\/\/www.radiopresidenteibanez.cl\/web\/wp-json\/wp\/v2\/tags?post=7204"}],"curies":[{"name":"wp","href":"https:\/\/api.w.org\/{rel}","templated":true}]}}