{"id":7201,"date":"2019-09-24T17:25:01","date_gmt":"2019-09-24T17:25:01","guid":{"rendered":"http:\/\/www.radiopresidenteibanez.cl\/web\/?p=7201"},"modified":"2019-09-24T17:25:06","modified_gmt":"2019-09-24T17:25:06","slug":"cami-y-artistas-regionales-celebran-el-dia-nacional-de-la-musica-en-magallanes","status":"publish","type":"post","link":"https:\/\/www.radiopresidenteibanez.cl\/web\/cami-y-artistas-regionales-celebran-el-dia-nacional-de-la-musica-en-magallanes\/","title":{"rendered":"CAMI Y ARTISTAS REGIONALES CELEBRAN EL D\u00cdA NACIONAL DE LA M\u00daSICA EN MAGALLANES"},"content":{"rendered":"\n<p>Int\u00e9rpretes de\nlos g\u00e9neros docto, folclor y popular, considera la celebraci\u00f3n del D\u00eda Nacional\nde la M\u00fasica y los M\u00fasicos Chilenos en la regi\u00f3n de Magallanes. Se trata de una\niniciativa impulsada por el Ministerio de las Culturas, las Artes y el\nPatrimonio, y que se replica en todo el pa\u00eds.<\/p>\n\n\n\n<p>El viernes 4 de octubre, fecha que recuerda el nacimiento de la\ncantautora chilena Violeta Parra, se presentar\u00e1n en Punta Arenas el elenco \u201cSur\nCanoris\u201d, de Casa Azul del Arte; el \u201cD\u00fao Hermanos Contreras\u201d; \u201cLas U\u00f1a y Mugre\u201d\ny \u00abLa Negra\u00bb, todos de la regi\u00f3n de\nMagallanes, m\u00e1s la compositora y cante nacional Camila\nGallardo.&nbsp;<\/p>\n\n\n\n<p>El\nespect\u00e1culo se llevar\u00e1 a cabo en dependencias del gimnasio Fiscal, ubicado en Uruguay N\u00b0 01560, desde las 19.00 horas y la\nentrada es gratuita. Las invitaciones se distribuir\u00e1n desde este mi\u00e9rcoles 25\nde septiembre en la oficina de la Seremi de las Culturas (Pedro Montt N\u00b0 809,\nPunta Arenas). <\/p>\n\n\n\n<p>\u201cQueremos\ndestacar el trabajo de los m\u00fasicos nacionales. Para ello, y junto con el\nConsejo Regional de las Culturas, hemos planificado un espect\u00e1culo diverso y\norientado a toda la familia. Incluir\u00e1 diferentes g\u00e9neros, a cargo de artistas\nlocales y de la cantautora nacional, Camila Gallardo, quien adem\u00e1s interpretar\u00e1\nun tema de Violeta Parra, cuya fecha de nacimiento se recuerda en esta\ncelebraci\u00f3n del D\u00eda de la M\u00fasica Nacional. Adem\u00e1s, este evento est\u00e1 marcado por\nla presencia femenina, pues estamos rindiendo un homenaje a las mujeres\ncreadoras\u201d, dijo la Seremi de las Culturas, las Artes y el Patrimonio,\nKatherine Ibacache. <\/p>\n\n\n\n<p>Camila Gallardo Montalva, cuyo nombre\nart\u00edstico es \u201cCami\u201d, se ha convertido en una de las artistas chilenas\nm\u00e1s exitosas. El presente a\u00f1o, en los\nPremios Pulsar gan\u00f3 la categor\u00eda \u00abMejor Artista Pop\u00bb por su\n\u00e1lbum&nbsp;\u201cRosa\u201d.Fue\nel disco nacional&nbsp;m\u00e1s escuchado en Spotify durante el 2018. <\/p>\n\n\n\n<p>La vi\u00f1amarina, que actu\u00f3 recientemente en Argentina, llegar\u00e1 a\nMagallanes para ofrecer el show \u201cTour La Despedida\u201d, que tiene una duraci\u00f3n de\n60 minutos. En su repertorio incluir\u00e1 temas como \u201cQuerida rosa\u201d, \u201cAqu\u00ed estoy\u201d,\n\u201cFuerte\u201d, \u201cLa entrevista\u201d y \u201cAbr\u00e1zame\u201d, adem\u00e1s de composiciones de Violeta\nParra.<\/p>\n\n\n\n<p>\u201cSur Canoris\u201d, int\u00e9rpretes de composiciones medievales; \u201cD\u00fao Hermanos\nContreras\u201d, exponentes de m\u00fasica docta; \u201cLas U\u00f1a y Mugre\u201d, culturas del folclor\ny \u00abLa Negra\u00bb, emergente banda que\nrepresentar\u00e1 a la regi\u00f3n en la edici\u00f3n 2020 del \u201cRock\u00f3dromo\u201d de Valpara\u00edso,\ncompletan el espect\u00e1culo del D\u00eda Nacional de la M\u00fasica y los M\u00fasicos Chilenos en Magallanes.<\/p>\n","protected":false},"excerpt":{"rendered":"<p>Int\u00e9rpretes de los g\u00e9neros docto, folclor y popular, considera la celebraci\u00f3n del D\u00eda Nacional de la M\u00fasica y los M\u00fasicos Chilenos en la regi\u00f3n de Magallanes. Se trata de una&#8230; <a class=\"read-more\" href=\"https:\/\/www.radiopresidenteibanez.cl\/web\/cami-y-artistas-regionales-celebran-el-dia-nacional-de-la-musica-en-magallanes\/\">Leer m\u00e1s<\/a><\/p>\n","protected":false},"author":2,"featured_media":7202,"comment_status":"closed","ping_status":"closed","sticky":false,"template":"","format":"standard","meta":{"footnotes":""},"categories":[1],"tags":[],"class_list":["post-7201","post","type-post","status-publish","format-standard","has-post-thumbnail","hentry","category-cronica"],"_links":{"self":[{"href":"https:\/\/www.radiopresidenteibanez.cl\/web\/wp-json\/wp\/v2\/posts\/7201","targetHints":{"allow":["GET"]}}],"collection":[{"href":"https:\/\/www.radiopresidenteibanez.cl\/web\/wp-json\/wp\/v2\/posts"}],"about":[{"href":"https:\/\/www.radiopresidenteibanez.cl\/web\/wp-json\/wp\/v2\/types\/post"}],"author":[{"embeddable":true,"href":"https:\/\/www.radiopresidenteibanez.cl\/web\/wp-json\/wp\/v2\/users\/2"}],"replies":[{"embeddable":true,"href":"https:\/\/www.radiopresidenteibanez.cl\/web\/wp-json\/wp\/v2\/comments?post=7201"}],"version-history":[{"count":0,"href":"https:\/\/www.radiopresidenteibanez.cl\/web\/wp-json\/wp\/v2\/posts\/7201\/revisions"}],"wp:featuredmedia":[{"embeddable":true,"href":"https:\/\/www.radiopresidenteibanez.cl\/web\/wp-json\/wp\/v2\/media\/7202"}],"wp:attachment":[{"href":"https:\/\/www.radiopresidenteibanez.cl\/web\/wp-json\/wp\/v2\/media?parent=7201"}],"wp:term":[{"taxonomy":"category","embeddable":true,"href":"https:\/\/www.radiopresidenteibanez.cl\/web\/wp-json\/wp\/v2\/categories?post=7201"},{"taxonomy":"post_tag","embeddable":true,"href":"https:\/\/www.radiopresidenteibanez.cl\/web\/wp-json\/wp\/v2\/tags?post=7201"}],"curies":[{"name":"wp","href":"https:\/\/api.w.org\/{rel}","templated":true}]}}