{"id":7198,"date":"2019-09-24T17:16:16","date_gmt":"2019-09-24T17:16:16","guid":{"rendered":"http:\/\/www.radiopresidenteibanez.cl\/web\/?p=7198"},"modified":"2019-09-24T17:16:21","modified_gmt":"2019-09-24T17:16:21","slug":"rodoviario-municipal-de-natales-registro-peak-de-pasajeros-durante-las-festividades-patrias","status":"publish","type":"post","link":"https:\/\/www.radiopresidenteibanez.cl\/web\/rodoviario-municipal-de-natales-registro-peak-de-pasajeros-durante-las-festividades-patrias\/","title":{"rendered":"RODOVIARIO MUNICIPAL DE NATALES REGISTR\u00d3 PEAK DE PASAJEROS DURANTE LAS FESTIVIDADES PATRIAS"},"content":{"rendered":"\n<p>Un positivo balance registr\u00f3 el rodoviario municipal durante el extenso\nfin de semana en la celebraci\u00f3n de las festividades patrias, as\u00ed lo dio a\nconocer el alcalde de la comuna Fernando Paredes Mansilla quien estuvo\nacompa\u00f1ado del administrador del recinto municipal Juan Carlos Arriagada, donde\ndetallaron el important\u00edsimo movimiento que se registr\u00f3 la semana reci\u00e9n\npasada.<\/p>\n\n\n\n<p>En total fueron 7.657 personas que se movilizaron en el rodoviario\nmunicipal&nbsp; desde el 17 al 22 de\nseptiembre, generando una considerable alza a comparaci\u00f3n del a\u00f1o 2018, esto, debido\nal feriado largo donde los miles de usuarios aprovecharon para salir de la\ncomuna, pero tambi\u00e9n otros para llegar hasta Puerto Natales y disfrutar del\nlargo fin de semana.<\/p>\n\n\n\n<p>El edil se\u00f1al\u00f3 que dicho terminal permite ser el centro de distribuci\u00f3n\npara los pasajeros que realizan viajes interprovinciales como tambi\u00e9n de\nturismo, produci\u00e9ndose un resultado de descongesti\u00f3n en el centro de la ciudad,\n\u201caqu\u00ed existen cerca de 11 empresas que circulan todos los d\u00edas, donde podemos\napreciar la alta demanda que tiene este terminal. Aqu\u00ed hay un promedio en\ntemporada alta sobre&nbsp; 2 mil doscientos\npasajeros diarios, y en temporada baja aproximadamente entre mil setecientas\npersonas. Aqu\u00ed las agencias han salido fortalecidas producto de este alto\nmovimiento que ha tenido este terminal. Siempre dijimos hace cinco a\u00f1os cuando\niniciamos el funcionamiento este terminal con el tiempo se iba a fortalecer, y\nclaramente hoy vemos como se ha concretado esta funcionalidad\u201d.<\/p>\n\n\n\n<p>Asimismo, Destac\u00f3 la autoridad comunal que uno de los fortalecimientos de\neste rodoviario fue el no cobro a las agencias por cinco a\u00f1os con el objetivo\nde ayudar a consolidar dicho terminal, lo que ha permitido un buen\nfuncionamiento del recinto, una descongesti\u00f3n en el centro de la ciudad, el\nordenamiento vehicular (debido al explosivo aumento veh\u00edculos motorizados en la\nciudad), y la comodidad de los pasajeros. Actualmente el municipio inici\u00f3 el\nproceso del cobro de losa a las agencias que llegan al terminal, con el\nobjetivo de cubrir los gastos generales que conlleva dicho recinto municipal. <\/p>\n\n\n\n<p>El terminal de buses actualmente cuenta con 24 c\u00e1maras de seguridad,\ntanto interior como exterior, ba\u00f1os p\u00fablicos, cafeter\u00eda y restaurant, 4 kioscos,\ncalefacci\u00f3n central, informaci\u00f3n tur\u00edstica, cajero autom\u00e1tico, servicio de\ntaxi, entre otros beneficios.<\/p>\n","protected":false},"excerpt":{"rendered":"<p>Un positivo balance registr\u00f3 el rodoviario municipal durante el extenso fin de semana en la celebraci\u00f3n de las festividades patrias, as\u00ed lo dio a conocer el alcalde de la comuna&#8230; <a class=\"read-more\" href=\"https:\/\/www.radiopresidenteibanez.cl\/web\/rodoviario-municipal-de-natales-registro-peak-de-pasajeros-durante-las-festividades-patrias\/\">Leer m\u00e1s<\/a><\/p>\n","protected":false},"author":2,"featured_media":7199,"comment_status":"closed","ping_status":"closed","sticky":false,"template":"","format":"standard","meta":{"footnotes":""},"categories":[1],"tags":[],"class_list":["post-7198","post","type-post","status-publish","format-standard","has-post-thumbnail","hentry","category-cronica"],"_links":{"self":[{"href":"https:\/\/www.radiopresidenteibanez.cl\/web\/wp-json\/wp\/v2\/posts\/7198","targetHints":{"allow":["GET"]}}],"collection":[{"href":"https:\/\/www.radiopresidenteibanez.cl\/web\/wp-json\/wp\/v2\/posts"}],"about":[{"href":"https:\/\/www.radiopresidenteibanez.cl\/web\/wp-json\/wp\/v2\/types\/post"}],"author":[{"embeddable":true,"href":"https:\/\/www.radiopresidenteibanez.cl\/web\/wp-json\/wp\/v2\/users\/2"}],"replies":[{"embeddable":true,"href":"https:\/\/www.radiopresidenteibanez.cl\/web\/wp-json\/wp\/v2\/comments?post=7198"}],"version-history":[{"count":0,"href":"https:\/\/www.radiopresidenteibanez.cl\/web\/wp-json\/wp\/v2\/posts\/7198\/revisions"}],"wp:featuredmedia":[{"embeddable":true,"href":"https:\/\/www.radiopresidenteibanez.cl\/web\/wp-json\/wp\/v2\/media\/7199"}],"wp:attachment":[{"href":"https:\/\/www.radiopresidenteibanez.cl\/web\/wp-json\/wp\/v2\/media?parent=7198"}],"wp:term":[{"taxonomy":"category","embeddable":true,"href":"https:\/\/www.radiopresidenteibanez.cl\/web\/wp-json\/wp\/v2\/categories?post=7198"},{"taxonomy":"post_tag","embeddable":true,"href":"https:\/\/www.radiopresidenteibanez.cl\/web\/wp-json\/wp\/v2\/tags?post=7198"}],"curies":[{"name":"wp","href":"https:\/\/api.w.org\/{rel}","templated":true}]}}