{"id":7195,"date":"2019-09-24T17:10:30","date_gmt":"2019-09-24T17:10:30","guid":{"rendered":"http:\/\/www.radiopresidenteibanez.cl\/web\/?p=7195"},"modified":"2019-09-24T17:10:35","modified_gmt":"2019-09-24T17:10:35","slug":"sistema-lazos-llega-a-punta-arenas-a-fortalecer-factores-protectores-en-familias-a-traves-de-modelo-especializado","status":"publish","type":"post","link":"https:\/\/www.radiopresidenteibanez.cl\/web\/sistema-lazos-llega-a-punta-arenas-a-fortalecer-factores-protectores-en-familias-a-traves-de-modelo-especializado\/","title":{"rendered":"SISTEMA LAZOS LLEGA A PUNTA ARENAS A FORTALECER FACTORES PROTECTORES EN FAMILIAS A TRAV\u00c9S DE MODELO ESPECIALIZADO"},"content":{"rendered":"\n<p>La implementaci\u00f3n del sistema Lazos en la comuna de Punta\nArenas, que busca fortalecer los factores protectores en ni\u00f1os, ni\u00f1as y\nadolescentes, anunciaron hoy la coordinadora regional de Seguridad P\u00fablica,\nJennifer Rojas; la jefa del departamento de Prevenci\u00f3n y Reinserci\u00f3n Social de\nla Subsecretar\u00eda de Prevenci\u00f3n del Delito, Fabiana Castro; y el gerente general\nde Fundaci\u00f3n San Carlos de Maipo, Marcelo S\u00e1nchez.<\/p>\n\n\n\n<p>Tras una reuni\u00f3n sostenida entre las autoridades, encargados\ndel nuevo programa, directores de los establecimientos donde se desarrollar\u00e1 la\niniciativa y representantes de la CORMUPA, se inform\u00f3 que el segundo componente\ndel Sistema Lazos, se comenzar\u00e1 a ejecutar en las escuelas Manuel Bulnes y\nVilla Las Nieves, donde profesionales especialmente capacitados trabajar\u00e1n en\nel modelo llamado \u201cFamilias Unidas\u201d, que tiene por objetivo el mejoramiento del\nfuncionamiento familiar a trav\u00e9s del desarrollo de la comunicaci\u00f3n efectiva,\ndel involucramiento de los padres en el mundo de los hijos, de la mejora del\ncomportamiento efectivo y del potenciamiento de las relaciones c\u00e1lidas y de\napoyo, con el fin de prevenir conductas de riesgo, tales como consumo de\ndrogas, alcohol y las relaciones sexuales de riesgo.<\/p>\n\n\n\n<p>La coordinadora regional de Seguridad P\u00fablica, Jennifer\nRojas, calific\u00f3 el arribo del sistema Lazos a Punta Arenas como \u201cuna muy buena\nnoticia, porque consiste en un trabajo muy cercano con las familias, donde se\nles entregan herramientas para poder apoyar la crianza de los hijos y, de este\nmodo, prevenir conductas de riesgo a medida que van creciendo, y llegando a la\nadolescencia\u201d, valor\u00f3 la autoridad.<\/p>\n\n\n\n<p>Este componente de mediano riesgo, trabajar\u00e1 con entre 12 y\n14 familias de ambos establecimientos, en jornadas grupales y otras donde las\nprofesionales psic\u00f3logas, especialmente capacitadas en este modelo, acudir\u00e1n a\nlos domicilios de los usuarios para conocer la aplicaci\u00f3n de lo aprendido y\npara poder apoyar a los padres en aspectos particulares cuando sea necesario.<\/p>\n\n\n\n<p>La jefa del departamento de Prevenci\u00f3n y Reinserci\u00f3n Social\nde la Subsecretar\u00eda de Prevenci\u00f3n del Delito, Fabiana Castro, explic\u00f3 que\n\u201cLazos es un programa que busca prevenir tempranamente la participaci\u00f3n de\nni\u00f1os y j\u00f3venes en la comisi\u00f3n de delitos, entonces nosotros somos un sistema\nque busca entregar una oferta de intervenci\u00f3n especializada, dependiendo del\nnivel de involucramiento que tenga una familia en las conductas delictuales\u201d,\nafirm\u00f3 la profesional.<\/p>\n\n\n\n<p>Agreg\u00f3 que espec\u00edficamente en el componente \u201cFamilias\nUnidas\u201d, que se aplicar\u00e1 en Punta Arenas, el programa \u201cintenta llegar tempranamente,\ncuando a\u00fan la familia logra funcionar bien, cuando los ni\u00f1os todav\u00eda est\u00e1n en\nuna situaci\u00f3n de menor riesgo, pero sabemos que hay ciertas cosas que pueden\ncomenzar a ocurrir por la vida propia de cualquier ni\u00f1o o adolescente, entonces\nlo que haremos es apoyar a estos pap\u00e1s, a estas familias, en la crianza de sus\nhijos, en mejorar sus habilidades, para prevenir que estos ni\u00f1os eventualmente\npuedan consumir drogas, tener conductas de riesgo y asociarse en alg\u00fan punto a\nactividades que sean delictivas\u201d, manifest\u00f3 la representante de la\nSubsecretar\u00eda de Prevenci\u00f3n del Delito.<\/p>\n\n\n\n<p>El modelo de intervenci\u00f3n \u201cFamilias Unidas\u201d fue creado por\nla Universidad de Miami, y tra\u00eddo a Chile por la Fundaci\u00f3n San Carlos de Maipo,\nque vela por la correcta aplicaci\u00f3n de todo el aspecto t\u00e9cnico de programa.<\/p>\n\n\n\n<p>El gerente general de la organizaci\u00f3n, Marcelo S\u00e1nchez,\nasegur\u00f3 que la fundaci\u00f3n trabaja por el desarrollo positivo de la infancia a\ntrav\u00e9s de programas que cuenten con altos est\u00e1ndares de evidencia, y en ese\nsentido, en la b\u00fasqueda de alternativas para el trabajo preventivo se lleg\u00f3 a\n\u201cFamilias unidas\u201d, que fue adaptado a la cultura chilena y se comenz\u00f3 a\nimplementar, siempre con estricto apego a los aspectos t\u00e9cnicos que permiten\ncontar con evaluaci\u00f3n y resultados.<\/p>\n\n\n\n<p>\u201cDurante cuatro a\u00f1os que hemos estado implementado \u00b4Familias\nunidas\u00b4, principalmente en la Regi\u00f3n Metropolitana, a nivel del estudio piloto\nque est\u00e1bamos desarrollando, vimos como los niveles de comunicaci\u00f3n entre\npadres e hijos aumentaban de manera significativa, o sea sobre un 79%. Este\nprograma, lo que hace, es fortalecer, empoderar a los pap\u00e1s, de tal manera que\nellos tomen las riendas del control parental\u201d, enfatiz\u00f3 el gerente general de\nla Fundaci\u00f3n San Carlos de Maipo, Marcelo S\u00e1nchez.<\/p>\n\n\n\n<p>El Sistema Lazos est\u00e1 presente en todo Chile, y su\nimplementaci\u00f3n es financiada por la Subsecretar\u00eda de Prevenci\u00f3n del Delito, y\nejecutada por la Municipalidad de Punta Arenas, a trav\u00e9s de la Corporaci\u00f3n\nMunicipal (CORMUPA).<\/p>\n","protected":false},"excerpt":{"rendered":"<p>La implementaci\u00f3n del sistema Lazos en la comuna de Punta Arenas, que busca fortalecer los factores protectores en ni\u00f1os, ni\u00f1as y adolescentes, anunciaron hoy la coordinadora regional de Seguridad P\u00fablica,&#8230; <a class=\"read-more\" href=\"https:\/\/www.radiopresidenteibanez.cl\/web\/sistema-lazos-llega-a-punta-arenas-a-fortalecer-factores-protectores-en-familias-a-traves-de-modelo-especializado\/\">Leer m\u00e1s<\/a><\/p>\n","protected":false},"author":2,"featured_media":7196,"comment_status":"closed","ping_status":"closed","sticky":false,"template":"","format":"standard","meta":{"footnotes":""},"categories":[1],"tags":[],"class_list":["post-7195","post","type-post","status-publish","format-standard","has-post-thumbnail","hentry","category-cronica"],"_links":{"self":[{"href":"https:\/\/www.radiopresidenteibanez.cl\/web\/wp-json\/wp\/v2\/posts\/7195","targetHints":{"allow":["GET"]}}],"collection":[{"href":"https:\/\/www.radiopresidenteibanez.cl\/web\/wp-json\/wp\/v2\/posts"}],"about":[{"href":"https:\/\/www.radiopresidenteibanez.cl\/web\/wp-json\/wp\/v2\/types\/post"}],"author":[{"embeddable":true,"href":"https:\/\/www.radiopresidenteibanez.cl\/web\/wp-json\/wp\/v2\/users\/2"}],"replies":[{"embeddable":true,"href":"https:\/\/www.radiopresidenteibanez.cl\/web\/wp-json\/wp\/v2\/comments?post=7195"}],"version-history":[{"count":0,"href":"https:\/\/www.radiopresidenteibanez.cl\/web\/wp-json\/wp\/v2\/posts\/7195\/revisions"}],"wp:featuredmedia":[{"embeddable":true,"href":"https:\/\/www.radiopresidenteibanez.cl\/web\/wp-json\/wp\/v2\/media\/7196"}],"wp:attachment":[{"href":"https:\/\/www.radiopresidenteibanez.cl\/web\/wp-json\/wp\/v2\/media?parent=7195"}],"wp:term":[{"taxonomy":"category","embeddable":true,"href":"https:\/\/www.radiopresidenteibanez.cl\/web\/wp-json\/wp\/v2\/categories?post=7195"},{"taxonomy":"post_tag","embeddable":true,"href":"https:\/\/www.radiopresidenteibanez.cl\/web\/wp-json\/wp\/v2\/tags?post=7195"}],"curies":[{"name":"wp","href":"https:\/\/api.w.org\/{rel}","templated":true}]}}