{"id":7192,"date":"2019-09-24T17:04:51","date_gmt":"2019-09-24T17:04:51","guid":{"rendered":"http:\/\/www.radiopresidenteibanez.cl\/web\/?p=7192"},"modified":"2019-09-24T17:04:58","modified_gmt":"2019-09-24T17:04:58","slug":"pdi-invita-a-la-comunidad-a-corrida-por-su-86-aniversario","status":"publish","type":"post","link":"https:\/\/www.radiopresidenteibanez.cl\/web\/pdi-invita-a-la-comunidad-a-corrida-por-su-86-aniversario\/","title":{"rendered":"PDI INVITA A LA COMUNIDAD A CORRIDA POR SU 86 ANIVERSARIO"},"content":{"rendered":"\n<p>Ya se encuentran abiertas las inscripciones para\nparticipar en la \u201cCorrida PDI 86 Aniversario\u201d que se efectuar\u00e1 en la costanera\nde Punta Arenas el domingo 6 de octubre a las 10:00 horas y de manera\nsimult\u00e1nea en diferentes ciudades a lo largo del pa\u00eds.<\/p>\n\n\n\n<p>\u201cLa PDI cumpli\u00f3 86 a\u00f1os de investigaci\u00f3n\ncriminal al servicio de la comunidad y en el marco de nuestro aniversario\nqueremos celebrar con nuestra corrida institucional, la cual realizaremos el\ndomingo 6 de octubre\u201d, se\u00f1al\u00f3 el prefecto inspector V\u00edctor Arriagada, jefe de\nla Regi\u00f3n Policial de Magallanes y la Ant\u00e1rtica Chilena.<\/p>\n\n\n\n<p>El desaf\u00edo consta de dos circuitos, uno\nrecreativo de 2,5 K y uno competitivo de 5 K, en este \u00faltimo se reconocer\u00e1n a\nlos tres primeros lugares de cada categor\u00eda. La largada ser\u00e1 a las 10:00 horas\nen el frontis del complejo policial ubicado en calle Err\u00e1zuriz #977 en Punta\nArenas. <\/p>\n\n\n\n<p>\u201cEsperamos superar la cantidad de integrantes\nque formaron parte de esta hermosa actividad con m\u00e1s de 1.000 participantes el\na\u00f1o pasado. Es una actividad gratuita que tiene por objetivo fomentar el\ndeporte, la vida sana, la vida en familia y por supuesto, celebrar nuestro 86\naniversario junto a la comunidad magall\u00e1nica\u201d, a\u00f1adi\u00f3 el prefecto inspector\nV\u00edctor Arriagada. <\/p>\n\n\n\n<p>La iniciativa de car\u00e1cter deportiva y del programa\nElige Vivir Sano, fue financiada con recursos del Gobierno Regional de\nMagallanes y la Ant\u00e1rtica Chilena y aprobada por el Consejo Regional. M\u00e1s\ninformaci\u00f3n acerca del evento, en la cuenta de Twitter PDI_Magallanes. <\/p>\n\n\n\n<p><strong>Inscripciones\n<\/strong><\/p>\n\n\n\n<p>Quienes deseen participar, pueden inscribirse de\nmanera gratuita en el sitio web <a href=\"https:\/\/welcu.com\/policia-de-investigaciones-de-chile\/corrida-pdi-86-aniversario-punta-arenas\">https:\/\/welcu.com\/policia-de-investigaciones-de-chile\/corrida-pdi-86-aniversario-punta-arenas<\/a> <\/p>\n\n\n\n<p><strong>Programaci\u00f3n\n6 de octubre <\/strong><\/p>\n\n\n\n<p>8:00 AM \u2014 9:15\nAM: <\/p>\n\n\n\n<p>Entrega de\nn\u00fameros de identificaci\u00f3n y poleras a los primeros 1.300 corredores, el domingo\n6 de octubre en el frontis del complejo policial, ubicado en calle Err\u00e1zuriz #\n977 Punta Arenas, conforme al orden de llegada de los participantes.<\/p>\n\n\n\n<p>9:15 AM \u2014 9:45\nAM: <\/p>\n\n\n\n<p>A las 9:15\ncomenzar\u00e1 el baile entretenido para que los asistentes realicen el\ncalentamiento previo a la corrida.<\/p>\n\n\n\n<p>10:00 AM \u2014 11:00 AM: <\/p>\n\n\n\n<p>Corrida circuitos 2,5 K y 5\nK.<\/p>\n\n\n\n<p>11:15 AM: <\/p>\n\n\n\n<p>Hidrataci\u00f3n,\ncolaciones, entregada de medallas y reconocimientos en el frontis del complejo\npolicial. <\/p>\n","protected":false},"excerpt":{"rendered":"<p>Ya se encuentran abiertas las inscripciones para participar en la \u201cCorrida PDI 86 Aniversario\u201d que se efectuar\u00e1 en la costanera de Punta Arenas el domingo 6 de octubre a las&#8230; <a class=\"read-more\" href=\"https:\/\/www.radiopresidenteibanez.cl\/web\/pdi-invita-a-la-comunidad-a-corrida-por-su-86-aniversario\/\">Leer m\u00e1s<\/a><\/p>\n","protected":false},"author":2,"featured_media":7193,"comment_status":"closed","ping_status":"closed","sticky":false,"template":"","format":"standard","meta":{"footnotes":""},"categories":[1],"tags":[],"class_list":["post-7192","post","type-post","status-publish","format-standard","has-post-thumbnail","hentry","category-cronica"],"_links":{"self":[{"href":"https:\/\/www.radiopresidenteibanez.cl\/web\/wp-json\/wp\/v2\/posts\/7192","targetHints":{"allow":["GET"]}}],"collection":[{"href":"https:\/\/www.radiopresidenteibanez.cl\/web\/wp-json\/wp\/v2\/posts"}],"about":[{"href":"https:\/\/www.radiopresidenteibanez.cl\/web\/wp-json\/wp\/v2\/types\/post"}],"author":[{"embeddable":true,"href":"https:\/\/www.radiopresidenteibanez.cl\/web\/wp-json\/wp\/v2\/users\/2"}],"replies":[{"embeddable":true,"href":"https:\/\/www.radiopresidenteibanez.cl\/web\/wp-json\/wp\/v2\/comments?post=7192"}],"version-history":[{"count":0,"href":"https:\/\/www.radiopresidenteibanez.cl\/web\/wp-json\/wp\/v2\/posts\/7192\/revisions"}],"wp:featuredmedia":[{"embeddable":true,"href":"https:\/\/www.radiopresidenteibanez.cl\/web\/wp-json\/wp\/v2\/media\/7193"}],"wp:attachment":[{"href":"https:\/\/www.radiopresidenteibanez.cl\/web\/wp-json\/wp\/v2\/media?parent=7192"}],"wp:term":[{"taxonomy":"category","embeddable":true,"href":"https:\/\/www.radiopresidenteibanez.cl\/web\/wp-json\/wp\/v2\/categories?post=7192"},{"taxonomy":"post_tag","embeddable":true,"href":"https:\/\/www.radiopresidenteibanez.cl\/web\/wp-json\/wp\/v2\/tags?post=7192"}],"curies":[{"name":"wp","href":"https:\/\/api.w.org\/{rel}","templated":true}]}}