{"id":7189,"date":"2019-09-24T16:17:58","date_gmt":"2019-09-24T16:17:58","guid":{"rendered":"http:\/\/www.radiopresidenteibanez.cl\/web\/?p=7189"},"modified":"2019-09-24T16:18:05","modified_gmt":"2019-09-24T16:18:05","slug":"emblematica-obra-ejecutada-por-el-mop-cadi-fue-inaugurada-en-punta-arenas","status":"publish","type":"post","link":"https:\/\/www.radiopresidenteibanez.cl\/web\/emblematica-obra-ejecutada-por-el-mop-cadi-fue-inaugurada-en-punta-arenas\/","title":{"rendered":"EMBLEM\u00c1TICA OBRA EJECUTADA POR EL MOP, CADI FUE INAUGURADA EN PUNTA ARENAS"},"content":{"rendered":"\n<p>Con la presencia de autoridades regionales encabezadas por el Intendente Jos\u00e9 Fern\u00e1ndez y de la Universidad de Magallanes a trav\u00e9s de su rector Juan Oyarzo, se dio por inaugurado el Centro Asistencial Docente y de Investigaci\u00f3n (Cadi-Umag), obra ejecutada por la Direcci\u00f3n de Arquitectura del Ministerio de Obras P\u00fablicas.<\/p>\n\n\n\n<p>El proyecto involucr\u00f3 una inversi\u00f3n de M$19.500.000, contemplando m\u00e1s de seis mil quinientos metros cuadrados de superficie, distribuidos en cuatro niveles.     La edificaci\u00f3n asociada a las ciencias de la salud, articular\u00e1 la investigaci\u00f3n, docencia y servicio comunitario regional. <\/p>\n\n\n\n<p>Consider\u00f3 la iniciativa la construcci\u00f3n de un Centro de investigaci\u00f3n biom\u00e9dica y molecular, y un Centro Docente Asistencial.El primero de \u00e9stos alojar\u00e1 a un centro de investigaci\u00f3n de alto est\u00e1ndar de referente nacional. <\/p>\n\n\n\n<p>Este se desarrollar\u00e1 en cooperaci\u00f3n de la Universidad de Magallanes; Centro Cient\u00edfico y Tecnol\u00f3gico de Excelencia, Envejecimiento y Regeneraci\u00f3n (CARE Chile UC), y Hospital Cl\u00ednico de Punta Arenas, permitiendo alojar y articular la investigaci\u00f3n regional.<\/p>\n\n\n\n<p>El Centro Docente Asistencial, en tanto, correspondi\u00f3 a la construcci\u00f3n de un equipamiento que permitir\u00e1, a las distintas carreras del \u00e1rea de las ciencias de la salud de la Universidad de Magallanes, realizar pr\u00e1cticas cl\u00ednicas y servicio de atenci\u00f3n a la comunidad. Entre los servicios involucrados en este equipamiento se contempla: medicina, enfermer\u00eda, kinesiolog\u00eda, fonoaudiolog\u00eda, nutrici\u00f3n y diet\u00e9tica y terapia ocupacional.<\/p>\n\n\n\n<p>Entre otros asistentes, participaron igualmente de la inauguraci\u00f3n el Gobernador Homero Villegas, Seremi de Obras P\u00fablicas Pablo Rendoll y el Director Regional de Arquitectura Patricio Hormazabal. <\/p>\n","protected":false},"excerpt":{"rendered":"<p>Con la presencia de autoridades regionales encabezadas por el Intendente Jos\u00e9 Fern\u00e1ndez y de la Universidad de Magallanes a trav\u00e9s de su rector Juan Oyarzo, se dio por inaugurado el&#8230; <a class=\"read-more\" href=\"https:\/\/www.radiopresidenteibanez.cl\/web\/emblematica-obra-ejecutada-por-el-mop-cadi-fue-inaugurada-en-punta-arenas\/\">Leer m\u00e1s<\/a><\/p>\n","protected":false},"author":2,"featured_media":7190,"comment_status":"closed","ping_status":"closed","sticky":false,"template":"","format":"standard","meta":{"footnotes":""},"categories":[1],"tags":[],"class_list":["post-7189","post","type-post","status-publish","format-standard","has-post-thumbnail","hentry","category-cronica"],"_links":{"self":[{"href":"https:\/\/www.radiopresidenteibanez.cl\/web\/wp-json\/wp\/v2\/posts\/7189","targetHints":{"allow":["GET"]}}],"collection":[{"href":"https:\/\/www.radiopresidenteibanez.cl\/web\/wp-json\/wp\/v2\/posts"}],"about":[{"href":"https:\/\/www.radiopresidenteibanez.cl\/web\/wp-json\/wp\/v2\/types\/post"}],"author":[{"embeddable":true,"href":"https:\/\/www.radiopresidenteibanez.cl\/web\/wp-json\/wp\/v2\/users\/2"}],"replies":[{"embeddable":true,"href":"https:\/\/www.radiopresidenteibanez.cl\/web\/wp-json\/wp\/v2\/comments?post=7189"}],"version-history":[{"count":0,"href":"https:\/\/www.radiopresidenteibanez.cl\/web\/wp-json\/wp\/v2\/posts\/7189\/revisions"}],"wp:featuredmedia":[{"embeddable":true,"href":"https:\/\/www.radiopresidenteibanez.cl\/web\/wp-json\/wp\/v2\/media\/7190"}],"wp:attachment":[{"href":"https:\/\/www.radiopresidenteibanez.cl\/web\/wp-json\/wp\/v2\/media?parent=7189"}],"wp:term":[{"taxonomy":"category","embeddable":true,"href":"https:\/\/www.radiopresidenteibanez.cl\/web\/wp-json\/wp\/v2\/categories?post=7189"},{"taxonomy":"post_tag","embeddable":true,"href":"https:\/\/www.radiopresidenteibanez.cl\/web\/wp-json\/wp\/v2\/tags?post=7189"}],"curies":[{"name":"wp","href":"https:\/\/api.w.org\/{rel}","templated":true}]}}