{"id":7183,"date":"2019-09-23T14:46:01","date_gmt":"2019-09-23T14:46:01","guid":{"rendered":"http:\/\/www.radiopresidenteibanez.cl\/web\/?p=7183"},"modified":"2019-09-23T15:24:32","modified_gmt":"2019-09-23T15:24:32","slug":"carolina-goic-senadora-de-la-dc-voy-a-ir-a-la-reeleccion-por-magallanes-donde-quiero-aportar-en-un-ultimo-periodo","status":"publish","type":"post","link":"https:\/\/www.radiopresidenteibanez.cl\/web\/carolina-goic-senadora-de-la-dc-voy-a-ir-a-la-reeleccion-por-magallanes-donde-quiero-aportar-en-un-ultimo-periodo\/","title":{"rendered":"CAROLINA GOIC, SENADORA DE LA DC: \u201cVOY A IR A LA REELECCI\u00d3N POR MAGALLANES, DONDE QUIERO APORTAR EN UN \u00daLTIMO PER\u00cdODO\u201d"},"content":{"rendered":"\n<p>Competir por un \u00faltimo per\u00edodo como senadora por Magallanes. Ese es el objetivo de la legisladora y excandidata presidencial de la Democracia Cristiana, Carolina Goic.<\/p>\n\n\n\n<p>La legisladora, de esa manera, desestima una nueva aventura presidencial y evita entregar apoyo a alguna de las cartas de su colectividad. \u201cEn este momento, que florezcan todos los liderazgos al interior de la DC. En su momento vamos a tomar las definiciones institucionales de c\u00f3mo se define al candidato\u201d, se\u00f1ala.<\/p>\n\n\n\n<p>Goic, adem\u00e1s, tendr\u00e1 que liderar en su partido la discusi\u00f3n de la reforma previsional cuando llegue al Senado, iniciativa que, junto con la reforma tributaria, le ha costado cr\u00edticas desde la centroizquierda a su colectividad por el apoyo de la bancada y la directiva DC a esos proyectos clave para el Ejecutivo. \u201cLa DC est\u00e1 en la oposici\u00f3n, pero no nos vamos a quedar inmovilizados por cuatro a\u00f1os porque perdimos el gobierno\u201d, sostiene.<\/p>\n\n\n\n<p><strong>La senadora Ximena Rinc\u00f3n dijo que aprobar\u00e1 la idea de legislar de la reforma tributaria, con algunas condiciones. \u00bfLo comparte?<\/strong><\/p>\n\n\n\n<p>Esto no se trata de las condiciones del senador A o B. Lo que espero de la discusi\u00f3n en el Senado es que tengamos una reforma tributaria por una amplia mayor\u00eda, que surja de un acuerdo. Pero ni la mejor reforma tributaria va a funcionar si la estamos cambiando cada cuatro a\u00f1os. En esta materia, nuestro pa\u00eds no resiste una revisi\u00f3n cada cuatro a\u00f1os.<\/p>\n\n\n\n<p><strong>\u00bfEst\u00e1 de acuerdo con la reintegraci\u00f3n tributaria?<\/strong><\/p>\n\n\n\n<p>Aqu\u00ed podemos discutir uno u otro el mecanismo, pero lo importante es que el gobierno defina claramente para qu\u00e9 quiere la reforma tributaria. Hoy discutimos c\u00f3mo generamos compensaciones, en un escenario de estrechez fiscal. Entonces, es fundamental responder esa pregunta. Los diputados permitieron una discusi\u00f3n y pusieron su punto, y para nosotros era fundamental el tema de las pymes, las regiones y los adultos mayores.<\/p>\n\n\n\n<p><strong>\u00bfVa a apoyar la idea de legislar?<\/strong><\/p>\n\n\n\n<p>No se trata de anticipar la discusi\u00f3n y si yo voto respecto de un mecanismo u otro. Un rol fundamental del Senado, donde a nosotros nos escogen por ocho a\u00f1os, no por cuatro, es ser capaces de generar grandes acuerdos que respondan a los desaf\u00edos del pa\u00eds. Ser\u00eda un mal resultado que la reforma tributaria se apruebe por un voto.<\/p>\n\n\n\n<p><strong>\u00bfY qu\u00e9 rol jugar\u00e1n como DC en el Senado?<\/strong><\/p>\n\n\n\n<p>Espero que seamos factor para generar un acuerdo lo m\u00e1s amplio posible.<\/p>\n\n\n\n<p><strong>Pero hay distintas opiniones respecto a la reintegraci\u00f3n\u2026<\/strong><\/p>\n\n\n\n<p>Este es un debate que est\u00e1 partiendo, y yo espero que como bancada hagamos un proceso de discusi\u00f3n y revisi\u00f3n. El debate tributario debiese ser un debate que zanjemos r\u00e1pido, porque si hay algo donde no hay dudas es que la prioridad para el pa\u00eds es la reforma previsional.<\/p>\n\n\n\n<p><strong>Y sobre pensiones, \u00bfva a buscar que sus pares del Senado respeten el acuerdo de la directiva de la DC con el gobierno en la C\u00e1mara?<\/strong><\/p>\n\n\n\n<p>La reforma de pensiones requiere sostenibilidad econ\u00f3mica, pol\u00edtica y social. Y por eso la discusi\u00f3n respecto de una entidad fiscal y p\u00fablica que pudiera generar una l\u00f3gica distinta a las que tienen las AFP es un punto sobre el cual avanzaron los diputados. Una tarea pendiente es c\u00f3mo se fortalece esa institucionalidad, pero m\u00e1s importante a\u00fan es que para nosotros la condici\u00f3n es un aumento del 20% de las pensiones autofinanciadas, una vez que se inicie la implementaci\u00f3n de la reforma. Y para eso lo que hemos planteado es un punto m\u00e1s de la cotizaci\u00f3n, partiendo en un 0,7. El gobierno tiene que entender que para tener ese amplio acuerdo, que ser\u00eda su mejor victoria, tiene que incorporar las miradas de la oposici\u00f3n.<\/p>\n\n\n\n<p><strong>\u00bfPero se la va a jugar para que se respete ese acuerdo?<\/strong><\/p>\n\n\n\n<p>La DC est\u00e1 en la oposici\u00f3n, pero no nos vamos a quedar amurrados, no vamos a quedar inmovilizados por cuatro a\u00f1os porque perdimos el gobierno.<\/p>\n\n\n\n<p><strong>Permitir el avance de esas reformas les ha tra\u00eddo tensiones con el resto de la oposici\u00f3n. \u00bfNo teme que la DC pueda terminar aislada?<\/strong><\/p>\n\n\n\n<p>La unidad no se construye bajo amenazas ni con la calculadora electoral o con la pistola sobre la mesa. Tenemos que hacer la autocr\u00edtica de por qu\u00e9 perdimos el gobierno. Y me da la impresi\u00f3n de que esa autocr\u00edtica no est\u00e1; el c\u00f3mo nos hacemos cargo de representar mayor\u00edas m\u00e1s amplias, de salir de la polarizaci\u00f3n y la descalificaci\u00f3n. Me pregunto c\u00f3mo le planteamos al pa\u00eds, desde la oposici\u00f3n, respuestas para los desaf\u00edos de hoy, como la automatizaci\u00f3n del trabajo. Esos son procesos que no vamos a parar en una discusi\u00f3n sobre el acuerdo municipal.<\/p>\n\n\n\n<p><strong>\u00bfLe parece que la definici\u00f3n del PS de condicionar eventuales alianzas al rechazo de las reformas del Ejecutivo, como la tributaria, cae bajo esas \u201camenazas\u201d?<\/strong><\/p>\n\n\n\n<p>Soy partidaria y creo firmemente en el di\u00e1logo, en la capacidad de sentarnos a la mesa. Y eso no se construye bajo amenazas.<\/p>\n\n\n\n<p><strong>El PS tambi\u00e9n est\u00e1 impulsando una acusaci\u00f3n constitucional contra la ministra de Educaci\u00f3n, Marcela Cubillos. \u00bfComparte que la C\u00e1mara haya decidido usar esa facultad?<\/strong><\/p>\n\n\n\n<p>Las acusaciones constitucionales son parte de las atribuciones fiscalizadoras que tienen los diputados. Adem\u00e1s, a nosotros como senadores nos toca ejercer el rol de jurados y jueces. Entonces, en eso prefiero no pronunciarme.<\/p>\n\n\n\n<p><strong>Pero m\u00e1s all\u00e1 de si la acusaci\u00f3n tiene sustento o no, \u00bfcree que se est\u00e1 prestando m\u00e1s para un uso pol\u00edtico que para fiscalizar?<\/strong><\/p>\n\n\n\n<p>Sobre eso no me voy a pronunciar. Revisaremos en su m\u00e9rito la acusaci\u00f3n y los argumentos cuando nos corresponda verlos en el Senado.<\/p>\n\n\n\n<p><strong>El senador Andr\u00e9s Allamand plante\u00f3 que debe evaluar si se inhabilita de esa votaci\u00f3n debido a que la ministra es su c\u00f3nyuge. \u00bfEs un deber \u00e9tico que lo haga?<\/strong><\/p>\n\n\n\n<p>Los temas personales no pueden significar, en la pr\u00e1ctica, una desventaja pol\u00edtica respecto del resultado. Espero que en su momento, si se da la situaci\u00f3n, sea analizado as\u00ed por la instancia de r\u00e9gimen interno o la Comisi\u00f3n de \u00c9tica.<\/p>\n\n\n\n<p><strong>Si Allamand se llega a inhabilitar, no se producir\u00eda una desventaja, porque no afectar\u00eda el qu\u00f3rum. \u00bfEs algo que tiene que hacer o queda a su conciencia?<\/strong><\/p>\n\n\n\n<p>\u00c9l va a tomar la mejor decisi\u00f3n en su momento.<\/p>\n\n\n\n<p><strong>En 2017 usted llev\u00f3 la bandera de la DC a la presidencial. \u00bfEst\u00e1 disponible para hacerlo de nuevo?<\/strong><\/p>\n\n\n\n<p>Voy a ir a la reelecci\u00f3n senatorial por Magallanes, donde, adem\u00e1s, quiero aportar en un \u00faltimo per\u00edodo. Es una regi\u00f3n que tiene todas las posibilidades para pasar de ser el extremo a ser el centro del pa\u00eds en materia de desarrollo cient\u00edfico, pero tambi\u00e9n respecto a los problemas globales, como el cambio clim\u00e1tico. Mi desaf\u00edo es c\u00f3mo hacemos que los magall\u00e1nicos sientan que esas cosas son relevantes y que aportan para su calidad de vida. Vamos a tener en los pr\u00f3ximos meses la conexi\u00f3n al cable de fibra \u00f3ptica red austral. Eso va a significar un hito en Magallanes similar al descubrimiento del petr\u00f3leo. Ah\u00ed se abre un universo de posibilidades, que espero poder contribuir a concretar para la gente que vive all\u00e1.<\/p>\n\n\n\n<p><strong>En el partido ya hay otros nombres presidenciables, como Rinc\u00f3n o Francisco Huenchumilla. \u00bfA qui\u00e9n le gustar\u00eda apoyar?<\/strong><\/p>\n\n\n\n<p>En este momento, que florezcan todos los liderazgos al interior de la DC. En su momento vamos a tomar las definiciones institucionales de c\u00f3mo se define al candidato.<\/p>\n\n\n\n<p><strong>El diputado Gabriel Boric dijo que est\u00e1 disponible para ir a la senatorial en Magallanes. \u00bfSer\u00eda una complicaci\u00f3n competir con \u00e9l?<\/strong><\/p>\n\n\n\n<p>Para eso est\u00e1 la democracia, y ojal\u00e1 hagamos un buen debate respecto de lo que queremos hacer en la regi\u00f3n. No tengo ning\u00fan problema con la competencia.<\/p>\n\n\n\n<p><strong>Despu\u00e9s de la elecci\u00f3n presidencial, Fuad Chahin sigui\u00f3 con la estrategia del perfilamiento propio. \u00bfUsted cree que la gesti\u00f3n de la mesa ha sido efectiva?<\/strong><\/p>\n\n\n\n<p>En eso la mesa ha hecho una buena gesti\u00f3n. Adem\u00e1s, ha sido consistente con sus planteamientos, ha incidido. Es lo que nosotros iniciamos cuando me toc\u00f3 presidir el partido y en la candidatura presidencial. La DC tiene que recuperar un electorado que hab\u00eda perdido, que es m\u00e1s de centro.<\/p>\n\n\n\n<p><strong>En otro tema, en junio el ministro Jaime Ma\u00f1alich asegur\u00f3 que no hay financiamiento para la ley nacional del c\u00e1ncer, uno de los temas en los que usted se ha involucrado fuertemente. \u00bfEl gobierno le ha comunicado avances respecto a esa iniciativa?<\/strong><\/p>\n\n\n\n<p>En eso llevamos m\u00e1s de tres meses sin ning\u00fan avance, porque todav\u00eda no conocemos una propuesta de financiamiento, que es fundamental para sacar adelante la ley del c\u00e1ncer. Aqu\u00ed hay un compromiso del Presidente de la Rep\u00fablica al firmar el proyecto. El ministro de Salud, cuando le hice la consulta en la \u00faltima sesi\u00f3n de la Comisi\u00f3n de Salud, dijo que se iba a ingresar una indicaci\u00f3n despu\u00e9s de las Fiestas Patrias. Espero que esa indicaci\u00f3n nos permita avanzar.<\/p>\n\n\n\n<p><strong>A usted tambi\u00e9n le tocar\u00e1 ver el proyecto de 40 horas. \u00bfSe va a declarar admisible cuando llegue al Senado?<\/strong><\/p>\n\n\n\n<p>Aqu\u00ed hay algo que es muy claro: la negociaci\u00f3n de la jornada es algo que vamos a tener que hacer en Chile. El punto es c\u00f3mo y cu\u00e1ndo. Yo he compartido la iniciativa (de la diputada Camila Vallejo) desde un principio en su esp\u00edritu, pero creo que tiene que ser con gradualidad, a la par de avanzar en adaptabilidad laboral y con condiciones especiales para las pymes.<\/p>\n\n\n\n<p><strong>\u00bfPero ese proyecto responde a los desaf\u00edos laborales actuales?<\/strong><\/p>\n\n\n\n<p>Tenemos que hacer una discusi\u00f3n con todos los elementos sobre la mesa, y el peor camino es descalificar una propuesta dependiendo de d\u00f3nde viene. Un tremendo error del gobierno fue descalificar esta propuesta porque ven\u00eda de una diputada comunista. Y que el debate parlamentario se resuelva en el TC es la peor forma de enfrentar la pol\u00edtica.<\/p>\n\n\n\n<p>Fuente: LaTercera<\/p>\n","protected":false},"excerpt":{"rendered":"<p>Competir por un \u00faltimo per\u00edodo como senadora por Magallanes. Ese es el objetivo de la legisladora y excandidata presidencial de la Democracia Cristiana, Carolina Goic. La legisladora, de esa manera,&#8230; <a class=\"read-more\" href=\"https:\/\/www.radiopresidenteibanez.cl\/web\/carolina-goic-senadora-de-la-dc-voy-a-ir-a-la-reeleccion-por-magallanes-donde-quiero-aportar-en-un-ultimo-periodo\/\">Leer m\u00e1s<\/a><\/p>\n","protected":false},"author":2,"featured_media":223,"comment_status":"closed","ping_status":"closed","sticky":false,"template":"","format":"standard","meta":{"footnotes":""},"categories":[5],"tags":[],"class_list":["post-7183","post","type-post","status-publish","format-standard","has-post-thumbnail","hentry","category-politica"],"_links":{"self":[{"href":"https:\/\/www.radiopresidenteibanez.cl\/web\/wp-json\/wp\/v2\/posts\/7183","targetHints":{"allow":["GET"]}}],"collection":[{"href":"https:\/\/www.radiopresidenteibanez.cl\/web\/wp-json\/wp\/v2\/posts"}],"about":[{"href":"https:\/\/www.radiopresidenteibanez.cl\/web\/wp-json\/wp\/v2\/types\/post"}],"author":[{"embeddable":true,"href":"https:\/\/www.radiopresidenteibanez.cl\/web\/wp-json\/wp\/v2\/users\/2"}],"replies":[{"embeddable":true,"href":"https:\/\/www.radiopresidenteibanez.cl\/web\/wp-json\/wp\/v2\/comments?post=7183"}],"version-history":[{"count":0,"href":"https:\/\/www.radiopresidenteibanez.cl\/web\/wp-json\/wp\/v2\/posts\/7183\/revisions"}],"wp:featuredmedia":[{"embeddable":true,"href":"https:\/\/www.radiopresidenteibanez.cl\/web\/wp-json\/wp\/v2\/media\/223"}],"wp:attachment":[{"href":"https:\/\/www.radiopresidenteibanez.cl\/web\/wp-json\/wp\/v2\/media?parent=7183"}],"wp:term":[{"taxonomy":"category","embeddable":true,"href":"https:\/\/www.radiopresidenteibanez.cl\/web\/wp-json\/wp\/v2\/categories?post=7183"},{"taxonomy":"post_tag","embeddable":true,"href":"https:\/\/www.radiopresidenteibanez.cl\/web\/wp-json\/wp\/v2\/tags?post=7183"}],"curies":[{"name":"wp","href":"https:\/\/api.w.org\/{rel}","templated":true}]}}