{"id":7178,"date":"2019-09-23T14:00:59","date_gmt":"2019-09-23T14:00:59","guid":{"rendered":"http:\/\/www.radiopresidenteibanez.cl\/web\/?p=7178"},"modified":"2019-09-23T14:01:06","modified_gmt":"2019-09-23T14:01:06","slug":"financiamiento-de-candidaturas-el-primer-obstaculo-para-la-participacion-de-mujeres-en-politica","status":"publish","type":"post","link":"https:\/\/www.radiopresidenteibanez.cl\/web\/financiamiento-de-candidaturas-el-primer-obstaculo-para-la-participacion-de-mujeres-en-politica\/","title":{"rendered":"FINANCIAMIENTO DE CANDIDATURAS: EL PRIMER OBST\u00c1CULO PARA LA PARTICIPACI\u00d3N DE MUJERES EN POL\u00cdTICA"},"content":{"rendered":"\n<p>Una de las principales vallas para la participaci\u00f3n de mujeres en espacios de poder es la inequidad en el financiamiento al que pueden acceder para costear sus candidaturas.<\/p>\n\n\n\n<p>Varios son los factores que explican esta situaci\u00f3n: la menor competitividad de candidaturas femeninas, el poco respaldo de los partidos y la dificultad para conseguir financiamiento del mundo privado, lo que pone a las mujeres en una fuerte desventaja al momento de enfrentar una contienda electoral.<\/p>\n\n\n\n<p>Por esta raz\u00f3n, durante el gobierno de la ex presidenta Michelle Bachelet, se propuso una ley de cuotas, la que deb\u00eda considerar al menos el 40% de candidaturas femeninas, adem\u00e1s de entregar un aporte econ\u00f3mico extra por cada voto a una mujer.<\/p>\n\n\n\n<p>Luego de su aplicaci\u00f3n, en noviembre de 2017, los resultados marcaron una clara diferencia respecto de elecciones pasadas. Se logr\u00f3 un incremento de cerca de siete puntos porcentuales, superior a los 1,6 puntos promedio con los que se ven\u00eda avanzando desde 1989.<\/p>\n\n\n\n<p>Sin embargo, nuestro pa\u00eds a\u00fan est\u00e1 lejos de una participaci\u00f3n equitativa y para avanzar en esa l\u00ednea se debe sortear, necesariamente, la barrera econ\u00f3mica.<\/p>\n\n\n\n<p>Seg\u00fan se\u00f1al\u00f3 a nuestro medio la vice presidenta de Revoluci\u00f3n Democr\u00e1tica, Marcela Sandoval, en la ley de cuotas que aplica a parlamentarias \u2013y pr\u00f3ximamente a alcaldesas y gobernadoras regionales- \u00a0<strong>el incentivo no es a las candidatas sino a c\u00f3mo se ve beneficiado el partido con la votaci\u00f3n de representantes mujeres.<\/strong><\/p>\n\n\n\n<p>Asimismo, indic\u00f3 que \u201chay una constataci\u00f3n de que las candidatas reciben menos financiamiento de donantes particulares y eso responde a varios factores como que l<strong>as mujeres no aparecen como las m\u00e1s competitivas o que los partidos ponen muchos m\u00e1s incentivos publicitarios y de promoci\u00f3n a hombres<\/strong>&nbsp;por lo que la ciudadan\u00eda que dona conf\u00eda m\u00e1s en esas personas que van a salir electas que son incumbentes y en su mayor\u00eda hombres.<\/p>\n\n\n\n<p>Otro factor, a su juicio, tiene que ver con la manera en que los partidos abordan la multiplicidad de roles de las mujeres, lo que muchas veces es un obst\u00e1culo para su incorporaci\u00f3n en espacios de poder.<\/p>\n\n\n\n<p>\u201cC\u00f3mo los partidos generan un financiamiento m\u00e1s equitativo de campa\u00f1a. Ahora en Revoluci\u00f3n Democr\u00e1tica estamos dando esa discusi\u00f3n. Se ha priorizado que las mujeres den un paso primero en las nominaciones del elenco municipal y&nbsp;<strong>eso tambi\u00e9n significa estar trabajando en una estrategia de financiamiento<\/strong>&nbsp;que incluye pensar en cuestiones como por ejemplo las labores de cuidado que efectivamente son una barrera de participaci\u00f3n\u201d.<\/p>\n\n\n\n<p>Asimismo la dirigenta hizo hincapi\u00e9 en el d\u00eda despu\u00e9s de las elecciones, principalmente en los casos de quienes no salen electas: \u201cMuchas mujeres que son candidatas y pierden en una elecci\u00f3n, cuando se atrevieron a ser candidatas y dieron este paso al frente, renunciaron a sus trabajos, su trayectoria laboral y profesional queda truncada y despu\u00e9s cuesta retomarla.&nbsp;<strong>Hay una barrera que tiene que ver con si asumes un rol m\u00e1s p\u00fablico y pol\u00edtico, tu trayectoria laboral se vea afectada\u201d.<\/strong><\/p>\n\n\n\n<p>Para la senadora integrante de la Comisi\u00f3n Especial Encargada de tramitar proyectos relacionados con la mujer y la igualdad de g\u00e9nero, Carmen Gloria Aravena, hay un desaf\u00edo, principalmente en los partidos pol\u00edticos, en relaci\u00f3n al financiamiento por un lado, pero tambi\u00e9n respecto del rol que le asignan a las mujeres, cuyas labores, en muchos casos, son relegadas a funciones secundarias.<\/p>\n\n\n\n<p>\u201cQue no quede solamente en un discurso, en el papel,&nbsp;<strong>sino que sea activo el rol de las mujeres y que no se supedite a un rol vinculado al ejercicio m\u00e1s bien familiar que tiene que ver con la solidaridad, con los temas propios vinculados a la mujer<\/strong>, sino que tambi\u00e9n los partidos le den espacios a las mujeres en otros \u00e1mbitos de toma de decisiones\u201d.<\/p>\n\n\n\n<p>Durante las \u00faltimas semanas la Comisi\u00f3n de Gobierno Interior de la C\u00e1mara despach\u00f3 la ley de cuotas para las pr\u00f3ximas elecciones municipales y de gobernadores.<\/p>\n\n\n\n<p>La diputada Joanna P\u00e9rez, presidenta de dicha instancia asegur\u00f3, tras reunirse&nbsp; con el ministro de la Segpres Gonzalo Blumel, que el Gobierno respaldar\u00e1 una indicaci\u00f3n relativa al apoyo econ\u00f3mico hacia las candidatas mujeres el que ser\u00e1 a nivel nacional.<\/p>\n\n\n\n<p>Seg\u00fan explic\u00f3&nbsp;<strong>\u201cel reembolso ser\u00e1 directamente a las candidatas, de 0,01 UF a todas\u201d&nbsp;y ser\u00e1 tanto para las candidatas que tendr\u00e1n&nbsp;cuota&nbsp;, concejalas y cores, como para los cargos de alcaldesas y gobernadoras .<\/strong>&nbsp;Mientras que el incentivo para las&nbsp; candidatas electas que va a los partidos qued\u00f3 pendiente.<\/p>\n\n\n\n<p>&nbsp;\u201cSi bien los partidos pol\u00edticos cumplieron con el porcentaje establecido por la nueva normativa en las elecciones pasadas,&nbsp;<strong>hay que legislar para que en las que vienen el pr\u00f3ximo a\u00f1o, tambi\u00e9n podamos contar con esta exigencia. Pero no por cumplir,<\/strong>&nbsp;llevando mujeres en zonas donde no tengan posibilidades, llenar la papeleta&nbsp; o para que aumenten votos, sino en territorios donde efectivamente puedan competir y obtener cargos\u201d afirm\u00f3.<\/p>\n\n\n\n<p>\u00a0La parlamentaria indic\u00f3 adem\u00e1s que \u201ctodos los esfuerzos que realicemos para avanzar en esta materia ser\u00e1n claves, para la presencia de las candidatas en espacios competitivos, con respaldo financiero y log\u00edstico durante la campa\u00f1a y en las etapas previas.<strong>\u00a0Ser\u00eda inconcebible tener\u00a0ley\u00a0de\u00a0cuotas\u00a0para las parlamentarias pero no para otros cargos de representaci\u00f3n popular\u201d.<\/strong><\/p>\n\n\n\n<p>Fuente: Radio UdeChile<\/p>\n","protected":false},"excerpt":{"rendered":"<p>Una de las principales vallas para la participaci\u00f3n de mujeres en espacios de poder es la inequidad en el financiamiento al que pueden acceder para costear sus candidaturas. Varios son&#8230; <a class=\"read-more\" href=\"https:\/\/www.radiopresidenteibanez.cl\/web\/financiamiento-de-candidaturas-el-primer-obstaculo-para-la-participacion-de-mujeres-en-politica\/\">Leer m\u00e1s<\/a><\/p>\n","protected":false},"author":2,"featured_media":7179,"comment_status":"closed","ping_status":"closed","sticky":false,"template":"","format":"standard","meta":{"footnotes":""},"categories":[5],"tags":[],"class_list":["post-7178","post","type-post","status-publish","format-standard","has-post-thumbnail","hentry","category-politica"],"_links":{"self":[{"href":"https:\/\/www.radiopresidenteibanez.cl\/web\/wp-json\/wp\/v2\/posts\/7178","targetHints":{"allow":["GET"]}}],"collection":[{"href":"https:\/\/www.radiopresidenteibanez.cl\/web\/wp-json\/wp\/v2\/posts"}],"about":[{"href":"https:\/\/www.radiopresidenteibanez.cl\/web\/wp-json\/wp\/v2\/types\/post"}],"author":[{"embeddable":true,"href":"https:\/\/www.radiopresidenteibanez.cl\/web\/wp-json\/wp\/v2\/users\/2"}],"replies":[{"embeddable":true,"href":"https:\/\/www.radiopresidenteibanez.cl\/web\/wp-json\/wp\/v2\/comments?post=7178"}],"version-history":[{"count":0,"href":"https:\/\/www.radiopresidenteibanez.cl\/web\/wp-json\/wp\/v2\/posts\/7178\/revisions"}],"wp:featuredmedia":[{"embeddable":true,"href":"https:\/\/www.radiopresidenteibanez.cl\/web\/wp-json\/wp\/v2\/media\/7179"}],"wp:attachment":[{"href":"https:\/\/www.radiopresidenteibanez.cl\/web\/wp-json\/wp\/v2\/media?parent=7178"}],"wp:term":[{"taxonomy":"category","embeddable":true,"href":"https:\/\/www.radiopresidenteibanez.cl\/web\/wp-json\/wp\/v2\/categories?post=7178"},{"taxonomy":"post_tag","embeddable":true,"href":"https:\/\/www.radiopresidenteibanez.cl\/web\/wp-json\/wp\/v2\/tags?post=7178"}],"curies":[{"name":"wp","href":"https:\/\/api.w.org\/{rel}","templated":true}]}}